{"id":20216,"date":"2026-03-13T16:50:58","date_gmt":"2026-03-13T15:50:58","guid":{"rendered":"https:\/\/www.arminius.de\/actualites\/holz-handwerk-2026-_kopie\/"},"modified":"2026-03-13T16:19:22","modified_gmt":"2026-03-13T15:19:22","slug":"usinage-de-fenetres-en-bois-avec-la-gamme-de-outils-modulaires-flex-line","status":"publish","type":"post","link":"https:\/\/www.arminius.de\/fr\/actualites\/usinage-de-fenetres-en-bois-avec-la-gamme-de-outils-modulaires-flex-line\/","title":{"rendered":"FLEX-Line"},"content":{"rendered":"\t\t<div data-elementor-type=\"wp-post\" data-elementor-id=\"20216\" class=\"elementor elementor-20216\" data-elementor-post-type=\"post\">\n\t\t\t\t\t\t<section class=\"has_eae_slider elementor-section elementor-top-section elementor-element elementor-element-a4cba1e elementor-section-boxed elementor-section-height-default elementor-section-height-default\" data-eae-slider=\"33424\" data-id=\"a4cba1e\" data-element_type=\"section\" data-e-type=\"section\" data-settings=\"{&quot;jet_parallax_layout_list&quot;:[]}\">\n\t\t\t\t\t\t<div class=\"elementor-container elementor-column-gap-default\">\n\t\t\t\t\t<div class=\"has_eae_slider elementor-column elementor-col-33 elementor-top-column elementor-element elementor-element-22636fe\" data-eae-slider=\"65478\" data-id=\"22636fe\" data-element_type=\"column\" data-e-type=\"column\">\n\t\t\t<div class=\"elementor-widget-wrap elementor-element-populated\">\n\t\t\t\t\t\t<div class=\"elementor-element elementor-element-75034f2 elementor-widget__width-initial elementor-widget elementor-widget-text-editor\" data-id=\"75034f2\" data-element_type=\"widget\" data-e-type=\"widget\" data-widget_type=\"text-editor.default\">\n\t\t\t\t<div class=\"elementor-widget-container\">\n\t\t\t\t\t\t\t\t\t<div class=\"elementor-element elementor-element-75034f2 elementor-widget__width-initial elementor-widget elementor-widget-text-editor\" data-id=\"75034f2\" data-element_type=\"widget\" data-widget_type=\"text-editor.default\"><div class=\"elementor-widget-container\"><h1>FLEX-Line<\/h1><p>Efficace, flexible et durable : la solution parfaite pour votre fabrication professionnelle de fen\u00eatres en bois.<\/p><p><strong><span style=\"text-decoration: underline;\">VOS AVANTAGES\u00a0:<\/span><\/strong><\/p><ul><li>Syst\u00e8me de profil\u00e9s flexible<\/li><li>Poids r\u00e9duit<\/li><li>Haute pr\u00e9cision<\/li><li>Extensible en hauteur de mani\u00e8re modulaire<\/li><\/ul><p>\u00a0<\/p><p>Syst\u00e8me l\u00e9ger et pr\u00e9cis avec un corps de base en aluminium et des segments de pon\u00e7age polyvalents \u2013 id\u00e9al pour diff\u00e9rentes formes de profil\u00e9s et des exigences individuelles.<\/p><\/div><p>Le passage \u00e0 de nouveaux profil\u00e9s de pon\u00e7age est facile et rapide, tandis que l&rsquo;ensemble du concept d&rsquo;outillage est syst\u00e9matiquement con\u00e7u pour une construction l\u00e9g\u00e8re et convient donc <br \/>\u00e0 toutes les installations CNC.<\/p><div class=\"elementor-widget-container\">\u00a0<\/div><\/div>\t\t\t\t\t\t\t\t<\/div>\n\t\t\t\t<\/div>\n\t\t\t\t<div class=\"elementor-element elementor-element-441b509 elementor-align-left elementor-mobile-align-justify elementor-widget elementor-widget-button\" data-id=\"441b509\" data-element_type=\"widget\" data-e-type=\"widget\" data-widget_type=\"button.default\">\n\t\t\t\t<div class=\"elementor-widget-container\">\n\t\t\t\t\t\t\t\t\t<div class=\"elementor-button-wrapper\">\n\t\t\t\t\t<a class=\"elementor-button elementor-button-link elementor-size-sm\" href=\"https:\/\/www.arminius.de\/fr\/actualites\/\">\n\t\t\t\t\t\t<span class=\"elementor-button-content-wrapper\">\n\t\t\t\t\t\t\t\t\t<span class=\"elementor-button-text\">Retour vers tous les articles<\/span>\n\t\t\t\t\t<\/span>\n\t\t\t\t\t<\/a>\n\t\t\t\t<\/div>\n\t\t\t\t\t\t\t\t<\/div>\n\t\t\t\t<\/div>\n\t\t\t\t\t<\/div>\n\t\t<\/div>\n\t\t\t\t<div class=\"has_eae_slider elementor-column elementor-col-33 elementor-top-column elementor-element elementor-element-8b9f66d\" data-eae-slider=\"15201\" data-id=\"8b9f66d\" data-element_type=\"column\" data-e-type=\"column\">\n\t\t\t<div class=\"elementor-widget-wrap\">\n\t\t\t\t\t\t\t<\/div>\n\t\t<\/div>\n\t\t\t\t<div class=\"has_eae_slider elementor-column elementor-col-33 elementor-top-column elementor-element elementor-element-39be2b0\" data-eae-slider=\"9634\" data-id=\"39be2b0\" data-element_type=\"column\" data-e-type=\"column\">\n\t\t\t<div class=\"elementor-widget-wrap elementor-element-populated\">\n\t\t\t\t\t\t<div class=\"elementor-element elementor-element-76b0799 elementor-widget elementor-widget-image\" data-id=\"76b0799\" data-element_type=\"widget\" data-e-type=\"widget\" data-widget_type=\"image.default\">\n\t\t\t\t<div class=\"elementor-widget-container\">\n\t\t\t\t\t\t\t\t\t\t\t\t\t\t\t\t<a href=\"https:\/\/www.arminius.de\/wp-content\/uploads\/2026\/03\/FLEX-Line-schwarz-mit-Flankenschutz.jpg\" data-elementor-open-lightbox=\"yes\" data-elementor-lightbox-title=\"Unbenannt\" data-e-action-hash=\"#elementor-action%3Aaction%3Dlightbox%26settings%3DeyJpZCI6MjAyMjEsInVybCI6Imh0dHBzOlwvXC93d3cuYXJtaW5pdXMuZGVcL3dwLWNvbnRlbnRcL3VwbG9hZHNcLzIwMjZcLzAzXC9GTEVYLUxpbmUtc2Nod2Fyei1taXQtRmxhbmtlbnNjaHV0ei5qcGcifQ%3D%3D\">\n\t\t\t\t\t\t\t<img fetchpriority=\"high\" decoding=\"async\" width=\"300\" height=\"225\" src=\"https:\/\/www.arminius.de\/wp-content\/uploads\/2026\/03\/FLEX-Line-schwarz-mit-Flankenschutz-300x225.jpg\" class=\"attachment-medium size-medium wp-image-20221\" alt=\"\" srcset=\"https:\/\/www.arminius.de\/wp-content\/uploads\/2026\/03\/FLEX-Line-schwarz-mit-Flankenschutz-300x225.jpg 300w, https:\/\/www.arminius.de\/wp-content\/uploads\/2026\/03\/FLEX-Line-schwarz-mit-Flankenschutz-1024x768.jpg 1024w, https:\/\/www.arminius.de\/wp-content\/uploads\/2026\/03\/FLEX-Line-schwarz-mit-Flankenschutz-768x576.jpg 768w, https:\/\/www.arminius.de\/wp-content\/uploads\/2026\/03\/FLEX-Line-schwarz-mit-Flankenschutz-1536x1152.jpg 1536w, https:\/\/www.arminius.de\/wp-content\/uploads\/2026\/03\/FLEX-Line-schwarz-mit-Flankenschutz-2048x1536.jpg 2048w\" sizes=\"(max-width: 300px) 100vw, 300px\" \/>\t\t\t\t\t\t\t\t<\/a>\n\t\t\t\t\t\t\t\t\t\t\t\t\t\t\t<\/div>\n\t\t\t\t<\/div>\n\t\t\t\t\t<\/div>\n\t\t<\/div>\n\t\t\t\t\t<\/div>\n\t\t<\/section>\n\t\t\t\t<\/div>\n\t\t","protected":false},"excerpt":{"rendered":"<p>Efficace, flexible et durable : la solution parfaite pour votre fabrication professionnelle de fen\u00eatres en bois.<\/p>\n","protected":false},"author":12,"featured_media":20221,"comment_status":"closed","ping_status":"open","sticky":false,"template":"","format":"standard","meta":{"footnotes":"","_wp_rev_ctl_limit":""},"categories":[113],"tags":[],"aktuelles":[],"class_list":["post-20216","post","type-post","status-publish","format-standard","has-post-thumbnail","hentry","category-actualites"],"yoast_head":"<!-- This site is optimized with the Yoast SEO plugin v27.4 - https:\/\/yoast.com\/product\/yoast-seo-wordpress\/ -->\n<title>FLEX-Line - ARMINIUS Schleifmittel GmbH<\/title>\n<meta name=\"description\" content=\"Avec la FLEX-Line, ARMINIUS tooling a d\u00e9velopp\u00e9 et lanc\u00e9 sur le march\u00e9 mondial un concept d&#039;outils modulaires destin\u00e9s \u00e0 l&#039;usinage des profil\u00e9s de fen\u00eatres.\" \/>\n<meta name=\"robots\" content=\"index, follow, max-snippet:-1, max-image-preview:large, max-video-preview:-1\" \/>\n<link rel=\"canonical\" href=\"https:\/\/www.arminius.de\/fr\/actualites\/usinage-de-fenetres-en-bois-avec-la-gamme-de-outils-modulaires-flex-line\/\" \/>\n<meta property=\"og:locale\" content=\"fr_FR\" \/>\n<meta property=\"og:type\" content=\"article\" \/>\n<meta property=\"og:title\" content=\"FLEX-Line - ARMINIUS Schleifmittel GmbH\" \/>\n<meta property=\"og:description\" content=\"Avec la FLEX-Line, ARMINIUS tooling a d\u00e9velopp\u00e9 et lanc\u00e9 sur le march\u00e9 mondial un concept d&#039;outils modulaires destin\u00e9s \u00e0 l&#039;usinage des profil\u00e9s de fen\u00eatres.\" \/>\n<meta property=\"og:url\" content=\"https:\/\/www.arminius.de\/fr\/actualites\/usinage-de-fenetres-en-bois-avec-la-gamme-de-outils-modulaires-flex-line\/\" \/>\n<meta property=\"og:site_name\" content=\"ARMINIUS Schleifmittel GmbH\" \/>\n<meta property=\"article:publisher\" content=\"https:\/\/www.facebook.com\/arminiusschleifmittel\/\" \/>\n<meta property=\"article:published_time\" content=\"2026-03-13T15:50:58+00:00\" \/>\n<meta property=\"og:image\" content=\"https:\/\/www.arminius.de\/wp-content\/uploads\/2026\/03\/FLEX-Line-schwarz-mit-Flankenschutz.jpg\" \/>\n\t<meta property=\"og:image:width\" content=\"2363\" \/>\n\t<meta property=\"og:image:height\" content=\"1772\" \/>\n\t<meta property=\"og:image:type\" content=\"image\/jpeg\" \/>\n<meta name=\"author\" content=\"Silvia Sowa\" \/>\n<meta name=\"twitter:card\" content=\"summary_large_image\" \/>\n<meta name=\"twitter:label1\" content=\"\u00c9crit par\" \/>\n\t<meta name=\"twitter:data1\" content=\"Silvia Sowa\" \/>\n\t<meta name=\"twitter:label2\" content=\"Dur\u00e9e de lecture estim\u00e9e\" \/>\n\t<meta name=\"twitter:data2\" content=\"1 minute\" \/>\n<script type=\"application\/ld+json\" class=\"yoast-schema-graph\">{\"@context\":\"https:\\\/\\\/schema.org\",\"@graph\":[{\"@type\":\"Article\",\"@id\":\"https:\\\/\\\/www.arminius.de\\\/fr\\\/actualites\\\/usinage-de-fenetres-en-bois-avec-la-gamme-de-outils-modulaires-flex-line\\\/#article\",\"isPartOf\":{\"@id\":\"https:\\\/\\\/www.arminius.de\\\/fr\\\/actualites\\\/usinage-de-fenetres-en-bois-avec-la-gamme-de-outils-modulaires-flex-line\\\/\"},\"author\":{\"name\":\"Silvia Sowa\",\"@id\":\"https:\\\/\\\/www.arminius.de\\\/fr\\\/#\\\/schema\\\/person\\\/889e3afad4201d062ae4ee8e17d4ea26\"},\"headline\":\"FLEX-Line\",\"datePublished\":\"2026-03-13T15:50:58+00:00\",\"mainEntityOfPage\":{\"@id\":\"https:\\\/\\\/www.arminius.de\\\/fr\\\/actualites\\\/usinage-de-fenetres-en-bois-avec-la-gamme-de-outils-modulaires-flex-line\\\/\"},\"wordCount\":117,\"publisher\":{\"@id\":\"https:\\\/\\\/www.arminius.de\\\/fr\\\/#organization\"},\"image\":{\"@id\":\"https:\\\/\\\/www.arminius.de\\\/fr\\\/actualites\\\/usinage-de-fenetres-en-bois-avec-la-gamme-de-outils-modulaires-flex-line\\\/#primaryimage\"},\"thumbnailUrl\":\"https:\\\/\\\/www.arminius.de\\\/wp-content\\\/uploads\\\/2026\\\/03\\\/FLEX-Line-schwarz-mit-Flankenschutz.jpg\",\"articleSection\":[\"Actualit\u00e9s\"],\"inLanguage\":\"fr-FR\"},{\"@type\":\"WebPage\",\"@id\":\"https:\\\/\\\/www.arminius.de\\\/fr\\\/actualites\\\/usinage-de-fenetres-en-bois-avec-la-gamme-de-outils-modulaires-flex-line\\\/\",\"url\":\"https:\\\/\\\/www.arminius.de\\\/fr\\\/actualites\\\/usinage-de-fenetres-en-bois-avec-la-gamme-de-outils-modulaires-flex-line\\\/\",\"name\":\"FLEX-Line - ARMINIUS Schleifmittel GmbH\",\"isPartOf\":{\"@id\":\"https:\\\/\\\/www.arminius.de\\\/fr\\\/#website\"},\"primaryImageOfPage\":{\"@id\":\"https:\\\/\\\/www.arminius.de\\\/fr\\\/actualites\\\/usinage-de-fenetres-en-bois-avec-la-gamme-de-outils-modulaires-flex-line\\\/#primaryimage\"},\"image\":{\"@id\":\"https:\\\/\\\/www.arminius.de\\\/fr\\\/actualites\\\/usinage-de-fenetres-en-bois-avec-la-gamme-de-outils-modulaires-flex-line\\\/#primaryimage\"},\"thumbnailUrl\":\"https:\\\/\\\/www.arminius.de\\\/wp-content\\\/uploads\\\/2026\\\/03\\\/FLEX-Line-schwarz-mit-Flankenschutz.jpg\",\"datePublished\":\"2026-03-13T15:50:58+00:00\",\"description\":\"Avec la FLEX-Line, ARMINIUS tooling a d\u00e9velopp\u00e9 et lanc\u00e9 sur le march\u00e9 mondial un concept d'outils modulaires destin\u00e9s \u00e0 l'usinage des profil\u00e9s de fen\u00eatres.\",\"breadcrumb\":{\"@id\":\"https:\\\/\\\/www.arminius.de\\\/fr\\\/actualites\\\/usinage-de-fenetres-en-bois-avec-la-gamme-de-outils-modulaires-flex-line\\\/#breadcrumb\"},\"inLanguage\":\"fr-FR\",\"potentialAction\":[{\"@type\":\"ReadAction\",\"target\":[\"https:\\\/\\\/www.arminius.de\\\/fr\\\/actualites\\\/usinage-de-fenetres-en-bois-avec-la-gamme-de-outils-modulaires-flex-line\\\/\"]}]},{\"@type\":\"ImageObject\",\"inLanguage\":\"fr-FR\",\"@id\":\"https:\\\/\\\/www.arminius.de\\\/fr\\\/actualites\\\/usinage-de-fenetres-en-bois-avec-la-gamme-de-outils-modulaires-flex-line\\\/#primaryimage\",\"url\":\"https:\\\/\\\/www.arminius.de\\\/wp-content\\\/uploads\\\/2026\\\/03\\\/FLEX-Line-schwarz-mit-Flankenschutz.jpg\",\"contentUrl\":\"https:\\\/\\\/www.arminius.de\\\/wp-content\\\/uploads\\\/2026\\\/03\\\/FLEX-Line-schwarz-mit-Flankenschutz.jpg\",\"width\":2363,\"height\":1772},{\"@type\":\"BreadcrumbList\",\"@id\":\"https:\\\/\\\/www.arminius.de\\\/fr\\\/actualites\\\/usinage-de-fenetres-en-bois-avec-la-gamme-de-outils-modulaires-flex-line\\\/#breadcrumb\",\"itemListElement\":[{\"@type\":\"ListItem\",\"position\":1,\"name\":\"Accueil\",\"item\":\"https:\\\/\\\/www.arminius.de\\\/fr\\\/\"},{\"@type\":\"ListItem\",\"position\":2,\"name\":\"FLEX-Line\"}]},{\"@type\":\"WebSite\",\"@id\":\"https:\\\/\\\/www.arminius.de\\\/fr\\\/#website\",\"url\":\"https:\\\/\\\/www.arminius.de\\\/fr\\\/\",\"name\":\"ARMINIUS Schleifmittel GmbH\",\"description\":\"Outils de pon\u00e7age pour le travail du bois\",\"publisher\":{\"@id\":\"https:\\\/\\\/www.arminius.de\\\/fr\\\/#organization\"},\"potentialAction\":[{\"@type\":\"SearchAction\",\"target\":{\"@type\":\"EntryPoint\",\"urlTemplate\":\"https:\\\/\\\/www.arminius.de\\\/fr\\\/?s={search_term_string}\"},\"query-input\":{\"@type\":\"PropertyValueSpecification\",\"valueRequired\":true,\"valueName\":\"search_term_string\"}}],\"inLanguage\":\"fr-FR\"},{\"@type\":\"Organization\",\"@id\":\"https:\\\/\\\/www.arminius.de\\\/fr\\\/#organization\",\"name\":\"ARMINIUS tooling\",\"url\":\"https:\\\/\\\/www.arminius.de\\\/fr\\\/\",\"logo\":{\"@type\":\"ImageObject\",\"inLanguage\":\"fr-FR\",\"@id\":\"https:\\\/\\\/www.arminius.de\\\/fr\\\/#\\\/schema\\\/logo\\\/image\\\/\",\"url\":\"https:\\\/\\\/www.arminius.de\\\/wp-content\\\/uploads\\\/2021\\\/01\\\/arminius-schleifmittel-logo.png\",\"contentUrl\":\"https:\\\/\\\/www.arminius.de\\\/wp-content\\\/uploads\\\/2021\\\/01\\\/arminius-schleifmittel-logo.png\",\"width\":600,\"height\":165,\"caption\":\"ARMINIUS tooling\"},\"image\":{\"@id\":\"https:\\\/\\\/www.arminius.de\\\/fr\\\/#\\\/schema\\\/logo\\\/image\\\/\"},\"sameAs\":[\"https:\\\/\\\/www.facebook.com\\\/arminiusschleifmittel\\\/\",\"https:\\\/\\\/www.youtube.com\\\/channel\\\/UC2GZYWp8gjedHH4NZonvUPA\"]},{\"@type\":\"Person\",\"@id\":\"https:\\\/\\\/www.arminius.de\\\/fr\\\/#\\\/schema\\\/person\\\/889e3afad4201d062ae4ee8e17d4ea26\",\"name\":\"Silvia Sowa\"}]}<\/script>\n<!-- \/ Yoast SEO plugin. -->","yoast_head_json":{"title":"FLEX-Line - ARMINIUS Schleifmittel GmbH","description":"Avec la FLEX-Line, ARMINIUS tooling a d\u00e9velopp\u00e9 et lanc\u00e9 sur le march\u00e9 mondial un concept d'outils modulaires destin\u00e9s \u00e0 l'usinage des profil\u00e9s de fen\u00eatres.","robots":{"index":"index","follow":"follow","max-snippet":"max-snippet:-1","max-image-preview":"max-image-preview:large","max-video-preview":"max-video-preview:-1"},"canonical":"https:\/\/www.arminius.de\/fr\/actualites\/usinage-de-fenetres-en-bois-avec-la-gamme-de-outils-modulaires-flex-line\/","og_locale":"fr_FR","og_type":"article","og_title":"FLEX-Line - ARMINIUS Schleifmittel GmbH","og_description":"Avec la FLEX-Line, ARMINIUS tooling a d\u00e9velopp\u00e9 et lanc\u00e9 sur le march\u00e9 mondial un concept d'outils modulaires destin\u00e9s \u00e0 l'usinage des profil\u00e9s de fen\u00eatres.","og_url":"https:\/\/www.arminius.de\/fr\/actualites\/usinage-de-fenetres-en-bois-avec-la-gamme-de-outils-modulaires-flex-line\/","og_site_name":"ARMINIUS Schleifmittel GmbH","article_publisher":"https:\/\/www.facebook.com\/arminiusschleifmittel\/","article_published_time":"2026-03-13T15:50:58+00:00","og_image":[{"width":2363,"height":1772,"url":"https:\/\/www.arminius.de\/wp-content\/uploads\/2026\/03\/FLEX-Line-schwarz-mit-Flankenschutz.jpg","type":"image\/jpeg"}],"author":"Silvia Sowa","twitter_card":"summary_large_image","twitter_misc":{"\u00c9crit par":"Silvia Sowa","Dur\u00e9e de lecture estim\u00e9e":"1 minute"},"schema":{"@context":"https:\/\/schema.org","@graph":[{"@type":"Article","@id":"https:\/\/www.arminius.de\/fr\/actualites\/usinage-de-fenetres-en-bois-avec-la-gamme-de-outils-modulaires-flex-line\/#article","isPartOf":{"@id":"https:\/\/www.arminius.de\/fr\/actualites\/usinage-de-fenetres-en-bois-avec-la-gamme-de-outils-modulaires-flex-line\/"},"author":{"name":"Silvia Sowa","@id":"https:\/\/www.arminius.de\/fr\/#\/schema\/person\/889e3afad4201d062ae4ee8e17d4ea26"},"headline":"FLEX-Line","datePublished":"2026-03-13T15:50:58+00:00","mainEntityOfPage":{"@id":"https:\/\/www.arminius.de\/fr\/actualites\/usinage-de-fenetres-en-bois-avec-la-gamme-de-outils-modulaires-flex-line\/"},"wordCount":117,"publisher":{"@id":"https:\/\/www.arminius.de\/fr\/#organization"},"image":{"@id":"https:\/\/www.arminius.de\/fr\/actualites\/usinage-de-fenetres-en-bois-avec-la-gamme-de-outils-modulaires-flex-line\/#primaryimage"},"thumbnailUrl":"https:\/\/www.arminius.de\/wp-content\/uploads\/2026\/03\/FLEX-Line-schwarz-mit-Flankenschutz.jpg","articleSection":["Actualit\u00e9s"],"inLanguage":"fr-FR"},{"@type":"WebPage","@id":"https:\/\/www.arminius.de\/fr\/actualites\/usinage-de-fenetres-en-bois-avec-la-gamme-de-outils-modulaires-flex-line\/","url":"https:\/\/www.arminius.de\/fr\/actualites\/usinage-de-fenetres-en-bois-avec-la-gamme-de-outils-modulaires-flex-line\/","name":"FLEX-Line - ARMINIUS Schleifmittel GmbH","isPartOf":{"@id":"https:\/\/www.arminius.de\/fr\/#website"},"primaryImageOfPage":{"@id":"https:\/\/www.arminius.de\/fr\/actualites\/usinage-de-fenetres-en-bois-avec-la-gamme-de-outils-modulaires-flex-line\/#primaryimage"},"image":{"@id":"https:\/\/www.arminius.de\/fr\/actualites\/usinage-de-fenetres-en-bois-avec-la-gamme-de-outils-modulaires-flex-line\/#primaryimage"},"thumbnailUrl":"https:\/\/www.arminius.de\/wp-content\/uploads\/2026\/03\/FLEX-Line-schwarz-mit-Flankenschutz.jpg","datePublished":"2026-03-13T15:50:58+00:00","description":"Avec la FLEX-Line, ARMINIUS tooling a d\u00e9velopp\u00e9 et lanc\u00e9 sur le march\u00e9 mondial un concept d'outils modulaires destin\u00e9s \u00e0 l'usinage des profil\u00e9s de fen\u00eatres.","breadcrumb":{"@id":"https:\/\/www.arminius.de\/fr\/actualites\/usinage-de-fenetres-en-bois-avec-la-gamme-de-outils-modulaires-flex-line\/#breadcrumb"},"inLanguage":"fr-FR","potentialAction":[{"@type":"ReadAction","target":["https:\/\/www.arminius.de\/fr\/actualites\/usinage-de-fenetres-en-bois-avec-la-gamme-de-outils-modulaires-flex-line\/"]}]},{"@type":"ImageObject","inLanguage":"fr-FR","@id":"https:\/\/www.arminius.de\/fr\/actualites\/usinage-de-fenetres-en-bois-avec-la-gamme-de-outils-modulaires-flex-line\/#primaryimage","url":"https:\/\/www.arminius.de\/wp-content\/uploads\/2026\/03\/FLEX-Line-schwarz-mit-Flankenschutz.jpg","contentUrl":"https:\/\/www.arminius.de\/wp-content\/uploads\/2026\/03\/FLEX-Line-schwarz-mit-Flankenschutz.jpg","width":2363,"height":1772},{"@type":"BreadcrumbList","@id":"https:\/\/www.arminius.de\/fr\/actualites\/usinage-de-fenetres-en-bois-avec-la-gamme-de-outils-modulaires-flex-line\/#breadcrumb","itemListElement":[{"@type":"ListItem","position":1,"name":"Accueil","item":"https:\/\/www.arminius.de\/fr\/"},{"@type":"ListItem","position":2,"name":"FLEX-Line"}]},{"@type":"WebSite","@id":"https:\/\/www.arminius.de\/fr\/#website","url":"https:\/\/www.arminius.de\/fr\/","name":"ARMINIUS Schleifmittel GmbH","description":"Outils de pon\u00e7age pour le travail du bois","publisher":{"@id":"https:\/\/www.arminius.de\/fr\/#organization"},"potentialAction":[{"@type":"SearchAction","target":{"@type":"EntryPoint","urlTemplate":"https:\/\/www.arminius.de\/fr\/?s={search_term_string}"},"query-input":{"@type":"PropertyValueSpecification","valueRequired":true,"valueName":"search_term_string"}}],"inLanguage":"fr-FR"},{"@type":"Organization","@id":"https:\/\/www.arminius.de\/fr\/#organization","name":"ARMINIUS tooling","url":"https:\/\/www.arminius.de\/fr\/","logo":{"@type":"ImageObject","inLanguage":"fr-FR","@id":"https:\/\/www.arminius.de\/fr\/#\/schema\/logo\/image\/","url":"https:\/\/www.arminius.de\/wp-content\/uploads\/2021\/01\/arminius-schleifmittel-logo.png","contentUrl":"https:\/\/www.arminius.de\/wp-content\/uploads\/2021\/01\/arminius-schleifmittel-logo.png","width":600,"height":165,"caption":"ARMINIUS tooling"},"image":{"@id":"https:\/\/www.arminius.de\/fr\/#\/schema\/logo\/image\/"},"sameAs":["https:\/\/www.facebook.com\/arminiusschleifmittel\/","https:\/\/www.youtube.com\/channel\/UC2GZYWp8gjedHH4NZonvUPA"]},{"@type":"Person","@id":"https:\/\/www.arminius.de\/fr\/#\/schema\/person\/889e3afad4201d062ae4ee8e17d4ea26","name":"Silvia Sowa"}]}},"_links":{"self":[{"href":"https:\/\/www.arminius.de\/fr\/wp-json\/wp\/v2\/posts\/20216","targetHints":{"allow":["GET"]}}],"collection":[{"href":"https:\/\/www.arminius.de\/fr\/wp-json\/wp\/v2\/posts"}],"about":[{"href":"https:\/\/www.arminius.de\/fr\/wp-json\/wp\/v2\/types\/post"}],"author":[{"embeddable":true,"href":"https:\/\/www.arminius.de\/fr\/wp-json\/wp\/v2\/users\/12"}],"replies":[{"embeddable":true,"href":"https:\/\/www.arminius.de\/fr\/wp-json\/wp\/v2\/comments?post=20216"}],"version-history":[{"count":0,"href":"https:\/\/www.arminius.de\/fr\/wp-json\/wp\/v2\/posts\/20216\/revisions"}],"wp:featuredmedia":[{"embeddable":true,"href":"https:\/\/www.arminius.de\/fr\/wp-json\/wp\/v2\/media\/20221"}],"wp:attachment":[{"href":"https:\/\/www.arminius.de\/fr\/wp-json\/wp\/v2\/media?parent=20216"}],"wp:term":[{"taxonomy":"category","embeddable":true,"href":"https:\/\/www.arminius.de\/fr\/wp-json\/wp\/v2\/categories?post=20216"},{"taxonomy":"post_tag","embeddable":true,"href":"https:\/\/www.arminius.de\/fr\/wp-json\/wp\/v2\/tags?post=20216"},{"taxonomy":"aktuelles","embeddable":true,"href":"https:\/\/www.arminius.de\/fr\/wp-json\/wp\/v2\/aktuelles?post=20216"}],"curies":[{"name":"wp","href":"https:\/\/api.w.org\/{rel}","templated":true}]}}