{"id":19816,"date":"2026-01-20T11:25:41","date_gmt":"2026-01-20T10:25:41","guid":{"rendered":"https:\/\/www.arminius.de\/news\/joyeux-noel-_kopie\/"},"modified":"2026-01-22T10:01:58","modified_gmt":"2026-01-22T09:01:58","slug":"nos-premieres-dates-de-salons-pour-2026-sont-fixees","status":"publish","type":"post","link":"https:\/\/www.arminius.de\/fr\/actualites\/nos-premieres-dates-de-salons-pour-2026-sont-fixees\/","title":{"rendered":"NOS PREMI\u00c8RES DATES DE SALONS POUR 2026 SONT FIX\u00c9ES"},"content":{"rendered":"\t\t<div data-elementor-type=\"wp-post\" data-elementor-id=\"19816\" class=\"elementor elementor-19816 elementor-19814\" data-elementor-post-type=\"post\">\n\t\t\t\t\t\t<section class=\"has_eae_slider elementor-section elementor-top-section elementor-element elementor-element-a4cba1e elementor-section-boxed elementor-section-height-default elementor-section-height-default\" data-eae-slider=\"66747\" data-id=\"a4cba1e\" data-element_type=\"section\" data-e-type=\"section\" data-settings=\"{&quot;jet_parallax_layout_list&quot;:[]}\">\n\t\t\t\t\t\t<div class=\"elementor-container elementor-column-gap-default\">\n\t\t\t\t\t<div class=\"has_eae_slider elementor-column elementor-col-33 elementor-top-column elementor-element elementor-element-22636fe\" data-eae-slider=\"31642\" data-id=\"22636fe\" data-element_type=\"column\" data-e-type=\"column\">\n\t\t\t<div class=\"elementor-widget-wrap elementor-element-populated\">\n\t\t\t\t\t\t<div class=\"elementor-element elementor-element-75034f2 elementor-widget__width-initial elementor-widget elementor-widget-text-editor\" data-id=\"75034f2\" data-element_type=\"widget\" data-e-type=\"widget\" data-widget_type=\"text-editor.default\">\n\t\t\t\t<div class=\"elementor-widget-container\">\n\t\t\t\t\t\t\t\t\t<div class=\"elementor-element elementor-element-75034f2 elementor-widget__width-initial elementor-widget elementor-widget-text-editor\" data-id=\"75034f2\" data-element_type=\"widget\" data-widget_type=\"text-editor.default\"><div class=\"elementor-widget-container\"><p>NOS PREMI\u00c8RES DATES DE SALONS POUR 2026 SONT FIX\u00c9ES<\/p><p>Venez nous rendre visite lors des salons professionnels internationaux et d\u00e9couvrez des possibilit\u00e9s et des solutions pour vos utilisations.<\/p><p>Vous trouverez les dates exactes et l&#8217;emplacement de notre stand <a href=\"https:\/\/www.arminius.de\/fr\/nos-premieres-dates-de-salons-en-2026\/\"><strong>ICI<\/strong><\/a> sur notre site web.<\/p><p>ARMINIUS\u00ae &#8211; Votre partenaire fiable et innovant pour les technologies de pon\u00e7age de pr\u00e9cision.<\/p><\/div><\/div>\t\t\t\t\t\t\t\t<\/div>\n\t\t\t\t<\/div>\n\t\t\t\t<div class=\"elementor-element elementor-element-441b509 elementor-align-left elementor-mobile-align-justify elementor-widget elementor-widget-button\" data-id=\"441b509\" data-element_type=\"widget\" data-e-type=\"widget\" data-widget_type=\"button.default\">\n\t\t\t\t<div class=\"elementor-widget-container\">\n\t\t\t\t\t\t\t\t\t<div class=\"elementor-button-wrapper\">\n\t\t\t\t\t<a class=\"elementor-button elementor-button-link elementor-size-sm\" href=\"https:\/\/www.arminius.de\/fr\/actualites\/\">\n\t\t\t\t\t\t<span class=\"elementor-button-content-wrapper\">\n\t\t\t\t\t\t\t\t\t<span class=\"elementor-button-text\">Retour vers tous les articles<\/span>\n\t\t\t\t\t<\/span>\n\t\t\t\t\t<\/a>\n\t\t\t\t<\/div>\n\t\t\t\t\t\t\t\t<\/div>\n\t\t\t\t<\/div>\n\t\t\t\t\t<\/div>\n\t\t<\/div>\n\t\t\t\t<div class=\"has_eae_slider elementor-column elementor-col-33 elementor-top-column elementor-element elementor-element-8b9f66d\" data-eae-slider=\"71068\" data-id=\"8b9f66d\" data-element_type=\"column\" data-e-type=\"column\">\n\t\t\t<div class=\"elementor-widget-wrap\">\n\t\t\t\t\t\t\t<\/div>\n\t\t<\/div>\n\t\t\t\t<div class=\"has_eae_slider elementor-column elementor-col-33 elementor-top-column elementor-element elementor-element-39be2b0\" data-eae-slider=\"67634\" data-id=\"39be2b0\" data-element_type=\"column\" data-e-type=\"column\">\n\t\t\t<div class=\"elementor-widget-wrap elementor-element-populated\">\n\t\t\t\t\t\t<div class=\"elementor-element elementor-element-76b0799 elementor-widget elementor-widget-image\" data-id=\"76b0799\" data-element_type=\"widget\" data-e-type=\"widget\" data-widget_type=\"image.default\">\n\t\t\t\t<div class=\"elementor-widget-container\">\n\t\t\t\t\t\t\t\t\t\t\t\t\t\t\t\t<a href=\"https:\/\/www.arminius.de\/wp-content\/uploads\/2026\/01\/ARMINIUS-tooling-Messevorschau-2026_1-D-GB-FR.jpg\" data-elementor-open-lightbox=\"yes\" data-elementor-lightbox-title=\"Unbenannt\" data-e-action-hash=\"#elementor-action%3Aaction%3Dlightbox%26settings%3DeyJpZCI6MTk4MTksInVybCI6Imh0dHBzOlwvXC93d3cuYXJtaW5pdXMuZGVcL3dwLWNvbnRlbnRcL3VwbG9hZHNcLzIwMjZcLzAxXC9BUk1JTklVUy10b29saW5nLU1lc3Nldm9yc2NoYXUtMjAyNl8xLUQtR0ItRlIuanBnIn0%3D\">\n\t\t\t\t\t\t\t<img fetchpriority=\"high\" decoding=\"async\" width=\"800\" height=\"560\" src=\"https:\/\/www.arminius.de\/wp-content\/uploads\/2026\/01\/ARMINIUS-tooling-Messevorschau-2026_1-D-GB-FR-1024x717.jpg\" class=\"attachment-large size-large wp-image-19819\" alt=\"\" srcset=\"https:\/\/www.arminius.de\/wp-content\/uploads\/2026\/01\/ARMINIUS-tooling-Messevorschau-2026_1-D-GB-FR-1024x717.jpg 1024w, https:\/\/www.arminius.de\/wp-content\/uploads\/2026\/01\/ARMINIUS-tooling-Messevorschau-2026_1-D-GB-FR-300x210.jpg 300w, https:\/\/www.arminius.de\/wp-content\/uploads\/2026\/01\/ARMINIUS-tooling-Messevorschau-2026_1-D-GB-FR-768x538.jpg 768w, https:\/\/www.arminius.de\/wp-content\/uploads\/2026\/01\/ARMINIUS-tooling-Messevorschau-2026_1-D-GB-FR-1536x1075.jpg 1536w, https:\/\/www.arminius.de\/wp-content\/uploads\/2026\/01\/ARMINIUS-tooling-Messevorschau-2026_1-D-GB-FR-2048x1434.jpg 2048w\" sizes=\"(max-width: 800px) 100vw, 800px\" \/>\t\t\t\t\t\t\t\t<\/a>\n\t\t\t\t\t\t\t\t\t\t\t\t\t\t\t<\/div>\n\t\t\t\t<\/div>\n\t\t\t\t\t<\/div>\n\t\t<\/div>\n\t\t\t\t\t<\/div>\n\t\t<\/section>\n\t\t\t\t<\/div>\n\t\t","protected":false},"excerpt":{"rendered":"<p>Venez nous rendre visite lors des salons professionnels internationaux et d\u00e9couvrez des possibilit\u00e9s et des solutions pour vos utilisations. <\/p>\n","protected":false},"author":2,"featured_media":19819,"comment_status":"closed","ping_status":"open","sticky":false,"template":"","format":"standard","meta":{"footnotes":"","_wp_rev_ctl_limit":""},"categories":[113],"tags":[],"aktuelles":[],"class_list":["post-19816","post","type-post","status-publish","format-standard","has-post-thumbnail","hentry","category-actualites"],"yoast_head":"<!-- This site is optimized with the Yoast SEO plugin v27.4 - https:\/\/yoast.com\/product\/yoast-seo-wordpress\/ -->\n<title>NOS PREMI\u00c8RES DATES DE SALONS POUR 2026 SONT FIX\u00c9ES - ARMINIUS Schleifmittel GmbH<\/title>\n<meta name=\"description\" content=\"Venez nous rendre visite lors des salons professionnels internationaux et d\u00e9couvrez des possibilit\u00e9s et des solutions pour vos utilisations.\" \/>\n<meta name=\"robots\" content=\"index, follow, max-snippet:-1, max-image-preview:large, max-video-preview:-1\" \/>\n<link rel=\"canonical\" href=\"https:\/\/www.arminius.de\/fr\/actualites\/nos-premieres-dates-de-salons-pour-2026-sont-fixees\/\" \/>\n<meta property=\"og:locale\" content=\"fr_FR\" \/>\n<meta property=\"og:type\" content=\"article\" \/>\n<meta property=\"og:title\" content=\"NOS PREMI\u00c8RES DATES DE SALONS POUR 2026 SONT FIX\u00c9ES - ARMINIUS Schleifmittel GmbH\" \/>\n<meta property=\"og:description\" content=\"Venez nous rendre visite lors des salons professionnels internationaux et d\u00e9couvrez des possibilit\u00e9s et des solutions pour vos utilisations.\" \/>\n<meta property=\"og:url\" content=\"https:\/\/www.arminius.de\/fr\/actualites\/nos-premieres-dates-de-salons-pour-2026-sont-fixees\/\" \/>\n<meta property=\"og:site_name\" content=\"ARMINIUS Schleifmittel GmbH\" \/>\n<meta property=\"article:publisher\" content=\"https:\/\/www.facebook.com\/arminiusschleifmittel\/\" \/>\n<meta property=\"article:published_time\" content=\"2026-01-20T10:25:41+00:00\" \/>\n<meta property=\"article:modified_time\" content=\"2026-01-22T09:01:58+00:00\" \/>\n<meta property=\"og:image\" content=\"https:\/\/www.arminius.de\/wp-content\/uploads\/2026\/01\/ARMINIUS-tooling-Messevorschau-2026_1-D-GB-FR.jpg\" \/>\n\t<meta property=\"og:image:width\" content=\"2363\" \/>\n\t<meta property=\"og:image:height\" content=\"1654\" \/>\n\t<meta property=\"og:image:type\" content=\"image\/jpeg\" \/>\n<meta name=\"author\" content=\"am\" \/>\n<meta name=\"twitter:card\" content=\"summary_large_image\" \/>\n<meta name=\"twitter:label1\" content=\"\u00c9crit par\" \/>\n\t<meta name=\"twitter:data1\" content=\"am\" \/>\n\t<meta name=\"twitter:label2\" content=\"Dur\u00e9e de lecture estim\u00e9e\" \/>\n\t<meta name=\"twitter:data2\" content=\"1 minute\" \/>\n<script type=\"application\/ld+json\" class=\"yoast-schema-graph\">{\"@context\":\"https:\\\/\\\/schema.org\",\"@graph\":[{\"@type\":\"Article\",\"@id\":\"https:\\\/\\\/www.arminius.de\\\/fr\\\/actualites\\\/nos-premieres-dates-de-salons-pour-2026-sont-fixees\\\/#article\",\"isPartOf\":{\"@id\":\"https:\\\/\\\/www.arminius.de\\\/fr\\\/actualites\\\/nos-premieres-dates-de-salons-pour-2026-sont-fixees\\\/\"},\"author\":{\"name\":\"am\",\"@id\":\"https:\\\/\\\/www.arminius.de\\\/fr\\\/#\\\/schema\\\/person\\\/01fe63a9f005144407ac710acf1e7113\"},\"headline\":\"NOS PREMI\u00c8RES DATES DE SALONS POUR 2026 SONT FIX\u00c9ES\",\"datePublished\":\"2026-01-20T10:25:41+00:00\",\"dateModified\":\"2026-01-22T09:01:58+00:00\",\"mainEntityOfPage\":{\"@id\":\"https:\\\/\\\/www.arminius.de\\\/fr\\\/actualites\\\/nos-premieres-dates-de-salons-pour-2026-sont-fixees\\\/\"},\"wordCount\":78,\"publisher\":{\"@id\":\"https:\\\/\\\/www.arminius.de\\\/fr\\\/#organization\"},\"image\":{\"@id\":\"https:\\\/\\\/www.arminius.de\\\/fr\\\/actualites\\\/nos-premieres-dates-de-salons-pour-2026-sont-fixees\\\/#primaryimage\"},\"thumbnailUrl\":\"https:\\\/\\\/www.arminius.de\\\/wp-content\\\/uploads\\\/2026\\\/01\\\/ARMINIUS-tooling-Messevorschau-2026_1-D-GB-FR.jpg\",\"articleSection\":[\"Actualit\u00e9s\"],\"inLanguage\":\"fr-FR\"},{\"@type\":\"WebPage\",\"@id\":\"https:\\\/\\\/www.arminius.de\\\/fr\\\/actualites\\\/nos-premieres-dates-de-salons-pour-2026-sont-fixees\\\/\",\"url\":\"https:\\\/\\\/www.arminius.de\\\/fr\\\/actualites\\\/nos-premieres-dates-de-salons-pour-2026-sont-fixees\\\/\",\"name\":\"NOS PREMI\u00c8RES DATES DE SALONS POUR 2026 SONT FIX\u00c9ES - ARMINIUS Schleifmittel GmbH\",\"isPartOf\":{\"@id\":\"https:\\\/\\\/www.arminius.de\\\/fr\\\/#website\"},\"primaryImageOfPage\":{\"@id\":\"https:\\\/\\\/www.arminius.de\\\/fr\\\/actualites\\\/nos-premieres-dates-de-salons-pour-2026-sont-fixees\\\/#primaryimage\"},\"image\":{\"@id\":\"https:\\\/\\\/www.arminius.de\\\/fr\\\/actualites\\\/nos-premieres-dates-de-salons-pour-2026-sont-fixees\\\/#primaryimage\"},\"thumbnailUrl\":\"https:\\\/\\\/www.arminius.de\\\/wp-content\\\/uploads\\\/2026\\\/01\\\/ARMINIUS-tooling-Messevorschau-2026_1-D-GB-FR.jpg\",\"datePublished\":\"2026-01-20T10:25:41+00:00\",\"dateModified\":\"2026-01-22T09:01:58+00:00\",\"description\":\"Venez nous rendre visite lors des salons professionnels internationaux et d\u00e9couvrez des possibilit\u00e9s et des solutions pour vos utilisations.\",\"breadcrumb\":{\"@id\":\"https:\\\/\\\/www.arminius.de\\\/fr\\\/actualites\\\/nos-premieres-dates-de-salons-pour-2026-sont-fixees\\\/#breadcrumb\"},\"inLanguage\":\"fr-FR\",\"potentialAction\":[{\"@type\":\"ReadAction\",\"target\":[\"https:\\\/\\\/www.arminius.de\\\/fr\\\/actualites\\\/nos-premieres-dates-de-salons-pour-2026-sont-fixees\\\/\"]}]},{\"@type\":\"ImageObject\",\"inLanguage\":\"fr-FR\",\"@id\":\"https:\\\/\\\/www.arminius.de\\\/fr\\\/actualites\\\/nos-premieres-dates-de-salons-pour-2026-sont-fixees\\\/#primaryimage\",\"url\":\"https:\\\/\\\/www.arminius.de\\\/wp-content\\\/uploads\\\/2026\\\/01\\\/ARMINIUS-tooling-Messevorschau-2026_1-D-GB-FR.jpg\",\"contentUrl\":\"https:\\\/\\\/www.arminius.de\\\/wp-content\\\/uploads\\\/2026\\\/01\\\/ARMINIUS-tooling-Messevorschau-2026_1-D-GB-FR.jpg\",\"width\":2363,\"height\":1654},{\"@type\":\"BreadcrumbList\",\"@id\":\"https:\\\/\\\/www.arminius.de\\\/fr\\\/actualites\\\/nos-premieres-dates-de-salons-pour-2026-sont-fixees\\\/#breadcrumb\",\"itemListElement\":[{\"@type\":\"ListItem\",\"position\":1,\"name\":\"Accueil\",\"item\":\"https:\\\/\\\/www.arminius.de\\\/fr\\\/\"},{\"@type\":\"ListItem\",\"position\":2,\"name\":\"NOS PREMI\u00c8RES DATES DE SALONS POUR 2026 SONT FIX\u00c9ES\"}]},{\"@type\":\"WebSite\",\"@id\":\"https:\\\/\\\/www.arminius.de\\\/fr\\\/#website\",\"url\":\"https:\\\/\\\/www.arminius.de\\\/fr\\\/\",\"name\":\"ARMINIUS Schleifmittel GmbH\",\"description\":\"Outils de pon\u00e7age pour le travail du bois\",\"publisher\":{\"@id\":\"https:\\\/\\\/www.arminius.de\\\/fr\\\/#organization\"},\"potentialAction\":[{\"@type\":\"SearchAction\",\"target\":{\"@type\":\"EntryPoint\",\"urlTemplate\":\"https:\\\/\\\/www.arminius.de\\\/fr\\\/?s={search_term_string}\"},\"query-input\":{\"@type\":\"PropertyValueSpecification\",\"valueRequired\":true,\"valueName\":\"search_term_string\"}}],\"inLanguage\":\"fr-FR\"},{\"@type\":\"Organization\",\"@id\":\"https:\\\/\\\/www.arminius.de\\\/fr\\\/#organization\",\"name\":\"ARMINIUS tooling\",\"url\":\"https:\\\/\\\/www.arminius.de\\\/fr\\\/\",\"logo\":{\"@type\":\"ImageObject\",\"inLanguage\":\"fr-FR\",\"@id\":\"https:\\\/\\\/www.arminius.de\\\/fr\\\/#\\\/schema\\\/logo\\\/image\\\/\",\"url\":\"https:\\\/\\\/www.arminius.de\\\/wp-content\\\/uploads\\\/2021\\\/01\\\/arminius-schleifmittel-logo.png\",\"contentUrl\":\"https:\\\/\\\/www.arminius.de\\\/wp-content\\\/uploads\\\/2021\\\/01\\\/arminius-schleifmittel-logo.png\",\"width\":600,\"height\":165,\"caption\":\"ARMINIUS tooling\"},\"image\":{\"@id\":\"https:\\\/\\\/www.arminius.de\\\/fr\\\/#\\\/schema\\\/logo\\\/image\\\/\"},\"sameAs\":[\"https:\\\/\\\/www.facebook.com\\\/arminiusschleifmittel\\\/\",\"https:\\\/\\\/www.youtube.com\\\/channel\\\/UC2GZYWp8gjedHH4NZonvUPA\"]},{\"@type\":\"Person\",\"@id\":\"https:\\\/\\\/www.arminius.de\\\/fr\\\/#\\\/schema\\\/person\\\/01fe63a9f005144407ac710acf1e7113\",\"name\":\"am\"}]}<\/script>\n<!-- \/ Yoast SEO plugin. -->","yoast_head_json":{"title":"NOS PREMI\u00c8RES DATES DE SALONS POUR 2026 SONT FIX\u00c9ES - ARMINIUS Schleifmittel GmbH","description":"Venez nous rendre visite lors des salons professionnels internationaux et d\u00e9couvrez des possibilit\u00e9s et des solutions pour vos utilisations.","robots":{"index":"index","follow":"follow","max-snippet":"max-snippet:-1","max-image-preview":"max-image-preview:large","max-video-preview":"max-video-preview:-1"},"canonical":"https:\/\/www.arminius.de\/fr\/actualites\/nos-premieres-dates-de-salons-pour-2026-sont-fixees\/","og_locale":"fr_FR","og_type":"article","og_title":"NOS PREMI\u00c8RES DATES DE SALONS POUR 2026 SONT FIX\u00c9ES - ARMINIUS Schleifmittel GmbH","og_description":"Venez nous rendre visite lors des salons professionnels internationaux et d\u00e9couvrez des possibilit\u00e9s et des solutions pour vos utilisations.","og_url":"https:\/\/www.arminius.de\/fr\/actualites\/nos-premieres-dates-de-salons-pour-2026-sont-fixees\/","og_site_name":"ARMINIUS Schleifmittel GmbH","article_publisher":"https:\/\/www.facebook.com\/arminiusschleifmittel\/","article_published_time":"2026-01-20T10:25:41+00:00","article_modified_time":"2026-01-22T09:01:58+00:00","og_image":[{"width":2363,"height":1654,"url":"https:\/\/www.arminius.de\/wp-content\/uploads\/2026\/01\/ARMINIUS-tooling-Messevorschau-2026_1-D-GB-FR.jpg","type":"image\/jpeg"}],"author":"am","twitter_card":"summary_large_image","twitter_misc":{"\u00c9crit par":"am","Dur\u00e9e de lecture estim\u00e9e":"1 minute"},"schema":{"@context":"https:\/\/schema.org","@graph":[{"@type":"Article","@id":"https:\/\/www.arminius.de\/fr\/actualites\/nos-premieres-dates-de-salons-pour-2026-sont-fixees\/#article","isPartOf":{"@id":"https:\/\/www.arminius.de\/fr\/actualites\/nos-premieres-dates-de-salons-pour-2026-sont-fixees\/"},"author":{"name":"am","@id":"https:\/\/www.arminius.de\/fr\/#\/schema\/person\/01fe63a9f005144407ac710acf1e7113"},"headline":"NOS PREMI\u00c8RES DATES DE SALONS POUR 2026 SONT FIX\u00c9ES","datePublished":"2026-01-20T10:25:41+00:00","dateModified":"2026-01-22T09:01:58+00:00","mainEntityOfPage":{"@id":"https:\/\/www.arminius.de\/fr\/actualites\/nos-premieres-dates-de-salons-pour-2026-sont-fixees\/"},"wordCount":78,"publisher":{"@id":"https:\/\/www.arminius.de\/fr\/#organization"},"image":{"@id":"https:\/\/www.arminius.de\/fr\/actualites\/nos-premieres-dates-de-salons-pour-2026-sont-fixees\/#primaryimage"},"thumbnailUrl":"https:\/\/www.arminius.de\/wp-content\/uploads\/2026\/01\/ARMINIUS-tooling-Messevorschau-2026_1-D-GB-FR.jpg","articleSection":["Actualit\u00e9s"],"inLanguage":"fr-FR"},{"@type":"WebPage","@id":"https:\/\/www.arminius.de\/fr\/actualites\/nos-premieres-dates-de-salons-pour-2026-sont-fixees\/","url":"https:\/\/www.arminius.de\/fr\/actualites\/nos-premieres-dates-de-salons-pour-2026-sont-fixees\/","name":"NOS PREMI\u00c8RES DATES DE SALONS POUR 2026 SONT FIX\u00c9ES - ARMINIUS Schleifmittel GmbH","isPartOf":{"@id":"https:\/\/www.arminius.de\/fr\/#website"},"primaryImageOfPage":{"@id":"https:\/\/www.arminius.de\/fr\/actualites\/nos-premieres-dates-de-salons-pour-2026-sont-fixees\/#primaryimage"},"image":{"@id":"https:\/\/www.arminius.de\/fr\/actualites\/nos-premieres-dates-de-salons-pour-2026-sont-fixees\/#primaryimage"},"thumbnailUrl":"https:\/\/www.arminius.de\/wp-content\/uploads\/2026\/01\/ARMINIUS-tooling-Messevorschau-2026_1-D-GB-FR.jpg","datePublished":"2026-01-20T10:25:41+00:00","dateModified":"2026-01-22T09:01:58+00:00","description":"Venez nous rendre visite lors des salons professionnels internationaux et d\u00e9couvrez des possibilit\u00e9s et des solutions pour vos utilisations.","breadcrumb":{"@id":"https:\/\/www.arminius.de\/fr\/actualites\/nos-premieres-dates-de-salons-pour-2026-sont-fixees\/#breadcrumb"},"inLanguage":"fr-FR","potentialAction":[{"@type":"ReadAction","target":["https:\/\/www.arminius.de\/fr\/actualites\/nos-premieres-dates-de-salons-pour-2026-sont-fixees\/"]}]},{"@type":"ImageObject","inLanguage":"fr-FR","@id":"https:\/\/www.arminius.de\/fr\/actualites\/nos-premieres-dates-de-salons-pour-2026-sont-fixees\/#primaryimage","url":"https:\/\/www.arminius.de\/wp-content\/uploads\/2026\/01\/ARMINIUS-tooling-Messevorschau-2026_1-D-GB-FR.jpg","contentUrl":"https:\/\/www.arminius.de\/wp-content\/uploads\/2026\/01\/ARMINIUS-tooling-Messevorschau-2026_1-D-GB-FR.jpg","width":2363,"height":1654},{"@type":"BreadcrumbList","@id":"https:\/\/www.arminius.de\/fr\/actualites\/nos-premieres-dates-de-salons-pour-2026-sont-fixees\/#breadcrumb","itemListElement":[{"@type":"ListItem","position":1,"name":"Accueil","item":"https:\/\/www.arminius.de\/fr\/"},{"@type":"ListItem","position":2,"name":"NOS PREMI\u00c8RES DATES DE SALONS POUR 2026 SONT FIX\u00c9ES"}]},{"@type":"WebSite","@id":"https:\/\/www.arminius.de\/fr\/#website","url":"https:\/\/www.arminius.de\/fr\/","name":"ARMINIUS Schleifmittel GmbH","description":"Outils de pon\u00e7age pour le travail du bois","publisher":{"@id":"https:\/\/www.arminius.de\/fr\/#organization"},"potentialAction":[{"@type":"SearchAction","target":{"@type":"EntryPoint","urlTemplate":"https:\/\/www.arminius.de\/fr\/?s={search_term_string}"},"query-input":{"@type":"PropertyValueSpecification","valueRequired":true,"valueName":"search_term_string"}}],"inLanguage":"fr-FR"},{"@type":"Organization","@id":"https:\/\/www.arminius.de\/fr\/#organization","name":"ARMINIUS tooling","url":"https:\/\/www.arminius.de\/fr\/","logo":{"@type":"ImageObject","inLanguage":"fr-FR","@id":"https:\/\/www.arminius.de\/fr\/#\/schema\/logo\/image\/","url":"https:\/\/www.arminius.de\/wp-content\/uploads\/2021\/01\/arminius-schleifmittel-logo.png","contentUrl":"https:\/\/www.arminius.de\/wp-content\/uploads\/2021\/01\/arminius-schleifmittel-logo.png","width":600,"height":165,"caption":"ARMINIUS tooling"},"image":{"@id":"https:\/\/www.arminius.de\/fr\/#\/schema\/logo\/image\/"},"sameAs":["https:\/\/www.facebook.com\/arminiusschleifmittel\/","https:\/\/www.youtube.com\/channel\/UC2GZYWp8gjedHH4NZonvUPA"]},{"@type":"Person","@id":"https:\/\/www.arminius.de\/fr\/#\/schema\/person\/01fe63a9f005144407ac710acf1e7113","name":"am"}]}},"_links":{"self":[{"href":"https:\/\/www.arminius.de\/fr\/wp-json\/wp\/v2\/posts\/19816","targetHints":{"allow":["GET"]}}],"collection":[{"href":"https:\/\/www.arminius.de\/fr\/wp-json\/wp\/v2\/posts"}],"about":[{"href":"https:\/\/www.arminius.de\/fr\/wp-json\/wp\/v2\/types\/post"}],"author":[{"embeddable":true,"href":"https:\/\/www.arminius.de\/fr\/wp-json\/wp\/v2\/users\/2"}],"replies":[{"embeddable":true,"href":"https:\/\/www.arminius.de\/fr\/wp-json\/wp\/v2\/comments?post=19816"}],"version-history":[{"count":0,"href":"https:\/\/www.arminius.de\/fr\/wp-json\/wp\/v2\/posts\/19816\/revisions"}],"wp:featuredmedia":[{"embeddable":true,"href":"https:\/\/www.arminius.de\/fr\/wp-json\/wp\/v2\/media\/19819"}],"wp:attachment":[{"href":"https:\/\/www.arminius.de\/fr\/wp-json\/wp\/v2\/media?parent=19816"}],"wp:term":[{"taxonomy":"category","embeddable":true,"href":"https:\/\/www.arminius.de\/fr\/wp-json\/wp\/v2\/categories?post=19816"},{"taxonomy":"post_tag","embeddable":true,"href":"https:\/\/www.arminius.de\/fr\/wp-json\/wp\/v2\/tags?post=19816"},{"taxonomy":"aktuelles","embeddable":true,"href":"https:\/\/www.arminius.de\/fr\/wp-json\/wp\/v2\/aktuelles?post=19816"}],"curies":[{"name":"wp","href":"https:\/\/api.w.org\/{rel}","templated":true}]}}