{"id":3154,"date":"2021-01-27T11:29:20","date_gmt":"2021-01-27T10:29:20","guid":{"rendered":"https:\/\/neu.arminius.de\/?p=3154"},"modified":"2023-04-17T20:59:26","modified_gmt":"2023-04-17T18:59:26","slug":"ligna-2019-wir-sagen-danke","status":"publish","type":"post","link":"https:\/\/www.arminius.de\/de\/news\/ligna-2019-wir-sagen-danke\/","title":{"rendered":"LIGNA 2019 &#8211; Wir sagen DANKE"},"content":{"rendered":"\t\t<div data-elementor-type=\"wp-post\" data-elementor-id=\"3154\" class=\"elementor elementor-3154\" data-elementor-post-type=\"post\">\n\t\t\t\t\t\t<section class=\"has_eae_slider elementor-section elementor-top-section elementor-element elementor-element-662950a elementor-section-full_width elementor-reverse-tablet elementor-reverse-mobile elementor-section-height-default elementor-section-height-default\" data-eae-slider=\"38320\" data-id=\"662950a\" data-element_type=\"section\" data-e-type=\"section\" data-settings=\"{&quot;jet_parallax_layout_list&quot;:[{&quot;jet_parallax_layout_image&quot;:{&quot;url&quot;:&quot;&quot;,&quot;id&quot;:&quot;&quot;,&quot;size&quot;:&quot;&quot;},&quot;_id&quot;:&quot;c89f226&quot;,&quot;jet_parallax_layout_image_tablet&quot;:{&quot;url&quot;:&quot;&quot;,&quot;id&quot;:&quot;&quot;,&quot;size&quot;:&quot;&quot;},&quot;jet_parallax_layout_image_mobile&quot;:{&quot;url&quot;:&quot;&quot;,&quot;id&quot;:&quot;&quot;,&quot;size&quot;:&quot;&quot;},&quot;jet_parallax_layout_speed&quot;:{&quot;unit&quot;:&quot;%&quot;,&quot;size&quot;:50,&quot;sizes&quot;:[]},&quot;jet_parallax_layout_type&quot;:&quot;scroll&quot;,&quot;jet_parallax_layout_direction&quot;:&quot;1&quot;,&quot;jet_parallax_layout_fx_direction&quot;:null,&quot;jet_parallax_layout_z_index&quot;:&quot;&quot;,&quot;jet_parallax_layout_bg_x&quot;:50,&quot;jet_parallax_layout_bg_x_tablet&quot;:&quot;&quot;,&quot;jet_parallax_layout_bg_x_mobile&quot;:&quot;&quot;,&quot;jet_parallax_layout_bg_y&quot;:50,&quot;jet_parallax_layout_bg_y_tablet&quot;:&quot;&quot;,&quot;jet_parallax_layout_bg_y_mobile&quot;:&quot;&quot;,&quot;jet_parallax_layout_bg_size&quot;:&quot;auto&quot;,&quot;jet_parallax_layout_bg_size_tablet&quot;:&quot;&quot;,&quot;jet_parallax_layout_bg_size_mobile&quot;:&quot;&quot;,&quot;jet_parallax_layout_animation_prop&quot;:&quot;transform&quot;,&quot;jet_parallax_layout_on&quot;:[&quot;desktop&quot;,&quot;tablet&quot;]}]}\">\n\t\t\t\t\t\t<div class=\"elementor-container elementor-column-gap-default\">\n\t\t\t\t\t<div class=\"has_eae_slider elementor-column elementor-col-50 elementor-top-column elementor-element elementor-element-9c40fdc\" data-eae-slider=\"31906\" data-id=\"9c40fdc\" data-element_type=\"column\" data-e-type=\"column\">\n\t\t\t<div class=\"elementor-widget-wrap elementor-element-populated\">\n\t\t\t\t\t\t<div class=\"elementor-element elementor-element-d5b44ba elementor-widget elementor-widget-heading\" data-id=\"d5b44ba\" data-element_type=\"widget\" data-e-type=\"widget\" data-widget_type=\"heading.default\">\n\t\t\t\t<div class=\"elementor-widget-container\">\n\t\t\t\t\t<h1 class=\"elementor-heading-title elementor-size-default\">LIGNA 2019 &#8211; Wir sagen DANKE<\/h1>\t\t\t\t<\/div>\n\t\t\t\t<\/div>\n\t\t\t\t<div class=\"elementor-element elementor-element-ef9d6d3 elementor-widget elementor-widget-heading\" data-id=\"ef9d6d3\" data-element_type=\"widget\" data-e-type=\"widget\" data-widget_type=\"heading.default\">\n\t\t\t\t<div class=\"elementor-widget-container\">\n\t\t\t\t\t<h3 class=\"elementor-heading-title elementor-size-default\">Die Messe LIGNA 2019 in Hannover ist schon wieder Geschichte.\n\nDie ARMINIUS-Crew hat eine sch\u00f6ne und erfolgreiche Woche in Hannover verbringen d\u00fcrfen.\n\n<\/h3>\t\t\t\t<\/div>\n\t\t\t\t<\/div>\n\t\t\t\t<div class=\"elementor-element elementor-element-dce6d1c elementor-widget elementor-widget-text-editor\" data-id=\"dce6d1c\" data-element_type=\"widget\" data-e-type=\"widget\" data-widget_type=\"text-editor.default\">\n\t\t\t\t<div class=\"elementor-widget-container\">\n\t\t\t\t\t\t\t\t\t<p>Wir m\u00f6chten allen Neuinteressenten und allen bestehenden Kunden danken, die uns auf dem Stand besucht haben.<br \/><br \/>Nun beginnt die Zeit der Nachbearbeitung. Dort werden wir uns bestimmt auch bei ihnen melden, wenn es Ihr Wunsch war. Ansonsten d\u00fcrfen Sie aber auch auf uns zukommen.<br \/><br \/>Wir sind f\u00fcr Sie da &#8211; Wir haben die richtige L\u00f6sung f\u00fcr Sie &#8211; Wir freuen uns auf Sie.<\/p>\t\t\t\t\t\t\t\t<\/div>\n\t\t\t\t<\/div>\n\t\t\t\t<div class=\"elementor-element elementor-element-4812514 elementor-align-left elementor-mobile-align-justify elementor-widget elementor-widget-button\" data-id=\"4812514\" data-element_type=\"widget\" data-e-type=\"widget\" data-widget_type=\"button.default\">\n\t\t\t\t<div class=\"elementor-widget-container\">\n\t\t\t\t\t\t\t\t\t<div class=\"elementor-button-wrapper\">\n\t\t\t\t\t<a class=\"elementor-button elementor-button-link elementor-size-sm\" href=\"https:\/\/www.arminius.de\/de\/news\/\">\n\t\t\t\t\t\t<span class=\"elementor-button-content-wrapper\">\n\t\t\t\t\t\t\t\t\t<span class=\"elementor-button-text\">Zur\u00fcck zu allen Beitr\u00e4gen<\/span>\n\t\t\t\t\t<\/span>\n\t\t\t\t\t<\/a>\n\t\t\t\t<\/div>\n\t\t\t\t\t\t\t\t<\/div>\n\t\t\t\t<\/div>\n\t\t\t\t\t<\/div>\n\t\t<\/div>\n\t\t\t\t<div class=\"has_eae_slider elementor-column elementor-col-50 elementor-top-column elementor-element elementor-element-07ca081\" data-eae-slider=\"82362\" data-id=\"07ca081\" data-element_type=\"column\" data-e-type=\"column\">\n\t\t\t<div class=\"elementor-widget-wrap elementor-element-populated\">\n\t\t\t\t\t\t<div class=\"elementor-element elementor-element-cdb2a6a elementor-widget elementor-widget-theme-post-featured-image elementor-widget-image\" data-id=\"cdb2a6a\" data-element_type=\"widget\" data-e-type=\"widget\" data-widget_type=\"theme-post-featured-image.default\">\n\t\t\t\t<div class=\"elementor-widget-container\">\n\t\t\t\t\t\t\t\t\t\t\t\t\t\t\t\t<a href=\"https:\/\/www.arminius.de\/wp-content\/uploads\/2021\/01\/arminius-schleifmittel-news-linga-2019-danke.jpg\" data-elementor-open-lightbox=\"yes\" data-elementor-lightbox-title=\"arminius-schleifmittel-news-linga-2019-danke\" data-e-action-hash=\"#elementor-action%3Aaction%3Dlightbox%26settings%3DeyJpZCI6MzE1OCwidXJsIjoiaHR0cHM6XC9cL3d3dy5hcm1pbml1cy5kZVwvd3AtY29udGVudFwvdXBsb2Fkc1wvMjAyMVwvMDFcL2FybWluaXVzLXNjaGxlaWZtaXR0ZWwtbmV3cy1saW5nYS0yMDE5LWRhbmtlLmpwZyJ9\">\n\t\t\t\t\t\t\t<img fetchpriority=\"high\" decoding=\"async\" width=\"400\" height=\"243\" src=\"https:\/\/www.arminius.de\/wp-content\/uploads\/2021\/01\/arminius-schleifmittel-news-linga-2019-danke.jpg\" class=\"attachment-full size-full wp-image-3158\" alt=\"messe-austellung-ligna-2019\" srcset=\"https:\/\/www.arminius.de\/wp-content\/uploads\/2021\/01\/arminius-schleifmittel-news-linga-2019-danke.jpg 400w, https:\/\/www.arminius.de\/wp-content\/uploads\/2021\/01\/arminius-schleifmittel-news-linga-2019-danke-300x182.jpg 300w\" sizes=\"(max-width: 400px) 100vw, 400px\" \/>\t\t\t\t\t\t\t\t<\/a>\n\t\t\t\t\t\t\t\t\t\t\t\t\t\t\t<\/div>\n\t\t\t\t<\/div>\n\t\t\t\t\t<\/div>\n\t\t<\/div>\n\t\t\t\t\t<\/div>\n\t\t<\/section>\n\t\t\t\t<section class=\"has_eae_slider elementor-section elementor-top-section elementor-element elementor-element-09bc5d4 elementor-section-full_width elementor-section-height-default elementor-section-height-default\" data-eae-slider=\"30806\" data-id=\"09bc5d4\" data-element_type=\"section\" data-e-type=\"section\" data-settings=\"{&quot;jet_parallax_layout_list&quot;:[{&quot;jet_parallax_layout_image&quot;:{&quot;url&quot;:&quot;&quot;,&quot;id&quot;:&quot;&quot;,&quot;size&quot;:&quot;&quot;},&quot;_id&quot;:&quot;30fe55c&quot;,&quot;jet_parallax_layout_image_tablet&quot;:{&quot;url&quot;:&quot;&quot;,&quot;id&quot;:&quot;&quot;,&quot;size&quot;:&quot;&quot;},&quot;jet_parallax_layout_image_mobile&quot;:{&quot;url&quot;:&quot;&quot;,&quot;id&quot;:&quot;&quot;,&quot;size&quot;:&quot;&quot;},&quot;jet_parallax_layout_speed&quot;:{&quot;unit&quot;:&quot;%&quot;,&quot;size&quot;:50,&quot;sizes&quot;:[]},&quot;jet_parallax_layout_type&quot;:&quot;scroll&quot;,&quot;jet_parallax_layout_direction&quot;:&quot;1&quot;,&quot;jet_parallax_layout_fx_direction&quot;:null,&quot;jet_parallax_layout_z_index&quot;:&quot;&quot;,&quot;jet_parallax_layout_bg_x&quot;:50,&quot;jet_parallax_layout_bg_x_tablet&quot;:&quot;&quot;,&quot;jet_parallax_layout_bg_x_mobile&quot;:&quot;&quot;,&quot;jet_parallax_layout_bg_y&quot;:50,&quot;jet_parallax_layout_bg_y_tablet&quot;:&quot;&quot;,&quot;jet_parallax_layout_bg_y_mobile&quot;:&quot;&quot;,&quot;jet_parallax_layout_bg_size&quot;:&quot;auto&quot;,&quot;jet_parallax_layout_bg_size_tablet&quot;:&quot;&quot;,&quot;jet_parallax_layout_bg_size_mobile&quot;:&quot;&quot;,&quot;jet_parallax_layout_animation_prop&quot;:&quot;transform&quot;,&quot;jet_parallax_layout_on&quot;:[&quot;desktop&quot;,&quot;tablet&quot;]}]}\">\n\t\t\t\t\t\t<div class=\"elementor-container elementor-column-gap-default\">\n\t\t\t\t\t<div class=\"has_eae_slider elementor-column elementor-col-100 elementor-top-column elementor-element elementor-element-2f09beb\" data-eae-slider=\"48572\" data-id=\"2f09beb\" data-element_type=\"column\" data-e-type=\"column\">\n\t\t\t<div class=\"elementor-widget-wrap elementor-element-populated\">\n\t\t\t\t\t\t<div class=\"elementor-element elementor-element-4c4d66d elementor-widget-divider--view-line elementor-widget elementor-widget-divider\" data-id=\"4c4d66d\" data-element_type=\"widget\" data-e-type=\"widget\" data-widget_type=\"divider.default\">\n\t\t\t\t<div class=\"elementor-widget-container\">\n\t\t\t\t\t\t\t<div class=\"elementor-divider\">\n\t\t\t<span class=\"elementor-divider-separator\">\n\t\t\t\t\t\t<\/span>\n\t\t<\/div>\n\t\t\t\t\t\t<\/div>\n\t\t\t\t<\/div>\n\t\t\t\t\t<\/div>\n\t\t<\/div>\n\t\t\t\t\t<\/div>\n\t\t<\/section>\n\t\t\t\t<\/div>\n\t\t","protected":false},"excerpt":{"rendered":"<p>Die Messe LIGNA 2019 in Hannover ist schon wieder Geschichte. Die ARMINIUS-Crew hat eine sch\u00f6ne und erfolgreiche Woche in Hannover verbringen d\u00fcrfen.<\/p>\n","protected":false},"author":8,"featured_media":3158,"comment_status":"open","ping_status":"open","sticky":false,"template":"elementor_header_footer","format":"standard","meta":{"footnotes":"","_wp_rev_ctl_limit":""},"categories":[6],"tags":[],"aktuelles":[],"class_list":["post-3154","post","type-post","status-publish","format-standard","has-post-thumbnail","hentry","category-news"],"yoast_head":"<!-- This site is optimized with the Yoast SEO plugin v27.4 - https:\/\/yoast.com\/product\/yoast-seo-wordpress\/ -->\n<title>ARMINIUS Schleifmittel GmbH - LIGNA 2019 - Wir sagen DANKE<\/title>\n<meta name=\"description\" content=\"Die Messe LIGNA 2019 in Hannover ist schon wieder Geschichte. Die ARMINIUS-Crew hat eine sch\u00f6ne und erfolgreiche Woche in Hannover verbringen d\u00fcrfen.\" \/>\n<meta name=\"robots\" content=\"index, follow, max-snippet:-1, max-image-preview:large, max-video-preview:-1\" \/>\n<link rel=\"canonical\" href=\"https:\/\/www.arminius.de\/de\/news\/ligna-2019-wir-sagen-danke\/\" \/>\n<meta property=\"og:locale\" content=\"de_DE\" \/>\n<meta property=\"og:type\" content=\"article\" \/>\n<meta property=\"og:title\" content=\"ARMINIUS Schleifmittel GmbH - LIGNA 2019 - Wir sagen DANKE\" \/>\n<meta property=\"og:description\" content=\"Die Messe LIGNA 2019 in Hannover ist schon wieder Geschichte. Die ARMINIUS-Crew hat eine sch\u00f6ne und erfolgreiche Woche in Hannover verbringen d\u00fcrfen.\" \/>\n<meta property=\"og:url\" content=\"https:\/\/www.arminius.de\/de\/news\/ligna-2019-wir-sagen-danke\/\" \/>\n<meta property=\"og:site_name\" content=\"ARMINIUS Schleifmittel GmbH\" \/>\n<meta property=\"article:publisher\" content=\"https:\/\/www.facebook.com\/arminiusschleifmittel\/\" \/>\n<meta property=\"article:published_time\" content=\"2021-01-27T10:29:20+00:00\" \/>\n<meta property=\"article:modified_time\" content=\"2023-04-17T18:59:26+00:00\" \/>\n<meta property=\"og:image\" content=\"https:\/\/www.arminius.de\/wp-content\/uploads\/2021\/01\/arminius-schleifmittel-news-linga-2019-danke.jpg\" \/>\n\t<meta property=\"og:image:width\" content=\"400\" \/>\n\t<meta property=\"og:image:height\" content=\"243\" \/>\n\t<meta property=\"og:image:type\" content=\"image\/jpeg\" \/>\n<meta name=\"author\" content=\"at\" \/>\n<meta name=\"twitter:card\" content=\"summary_large_image\" \/>\n<meta name=\"twitter:label1\" content=\"Verfasst von\" \/>\n\t<meta name=\"twitter:data1\" content=\"at\" \/>\n\t<meta name=\"twitter:label2\" content=\"Gesch\u00e4tzte Lesezeit\" \/>\n\t<meta name=\"twitter:data2\" content=\"1\u00a0Minute\" \/>\n<script type=\"application\/ld+json\" class=\"yoast-schema-graph\">{\"@context\":\"https:\\\/\\\/schema.org\",\"@graph\":[{\"@type\":\"Article\",\"@id\":\"https:\\\/\\\/www.arminius.de\\\/de\\\/news\\\/ligna-2019-wir-sagen-danke\\\/#article\",\"isPartOf\":{\"@id\":\"https:\\\/\\\/www.arminius.de\\\/de\\\/news\\\/ligna-2019-wir-sagen-danke\\\/\"},\"author\":{\"name\":\"at\",\"@id\":\"https:\\\/\\\/www.arminius.de\\\/de\\\/#\\\/schema\\\/person\\\/21463ce609e84a9bdfce353361b2e572\"},\"headline\":\"LIGNA 2019 &#8211; Wir sagen DANKE\",\"datePublished\":\"2021-01-27T10:29:20+00:00\",\"dateModified\":\"2023-04-17T18:59:26+00:00\",\"mainEntityOfPage\":{\"@id\":\"https:\\\/\\\/www.arminius.de\\\/de\\\/news\\\/ligna-2019-wir-sagen-danke\\\/\"},\"wordCount\":102,\"commentCount\":0,\"publisher\":{\"@id\":\"https:\\\/\\\/www.arminius.de\\\/de\\\/#organization\"},\"image\":{\"@id\":\"https:\\\/\\\/www.arminius.de\\\/de\\\/news\\\/ligna-2019-wir-sagen-danke\\\/#primaryimage\"},\"thumbnailUrl\":\"https:\\\/\\\/www.arminius.de\\\/wp-content\\\/uploads\\\/2021\\\/01\\\/arminius-schleifmittel-news-linga-2019-danke.jpg\",\"articleSection\":[\"News\"],\"inLanguage\":\"de\",\"potentialAction\":[{\"@type\":\"CommentAction\",\"name\":\"Comment\",\"target\":[\"https:\\\/\\\/www.arminius.de\\\/de\\\/news\\\/ligna-2019-wir-sagen-danke\\\/#respond\"]}]},{\"@type\":\"WebPage\",\"@id\":\"https:\\\/\\\/www.arminius.de\\\/de\\\/news\\\/ligna-2019-wir-sagen-danke\\\/\",\"url\":\"https:\\\/\\\/www.arminius.de\\\/de\\\/news\\\/ligna-2019-wir-sagen-danke\\\/\",\"name\":\"ARMINIUS Schleifmittel GmbH - LIGNA 2019 - Wir sagen DANKE\",\"isPartOf\":{\"@id\":\"https:\\\/\\\/www.arminius.de\\\/de\\\/#website\"},\"primaryImageOfPage\":{\"@id\":\"https:\\\/\\\/www.arminius.de\\\/de\\\/news\\\/ligna-2019-wir-sagen-danke\\\/#primaryimage\"},\"image\":{\"@id\":\"https:\\\/\\\/www.arminius.de\\\/de\\\/news\\\/ligna-2019-wir-sagen-danke\\\/#primaryimage\"},\"thumbnailUrl\":\"https:\\\/\\\/www.arminius.de\\\/wp-content\\\/uploads\\\/2021\\\/01\\\/arminius-schleifmittel-news-linga-2019-danke.jpg\",\"datePublished\":\"2021-01-27T10:29:20+00:00\",\"dateModified\":\"2023-04-17T18:59:26+00:00\",\"description\":\"Die Messe LIGNA 2019 in Hannover ist schon wieder Geschichte. Die ARMINIUS-Crew hat eine sch\u00f6ne und erfolgreiche Woche in Hannover verbringen d\u00fcrfen.\",\"breadcrumb\":{\"@id\":\"https:\\\/\\\/www.arminius.de\\\/de\\\/news\\\/ligna-2019-wir-sagen-danke\\\/#breadcrumb\"},\"inLanguage\":\"de\",\"potentialAction\":[{\"@type\":\"ReadAction\",\"target\":[\"https:\\\/\\\/www.arminius.de\\\/de\\\/news\\\/ligna-2019-wir-sagen-danke\\\/\"]}]},{\"@type\":\"ImageObject\",\"inLanguage\":\"de\",\"@id\":\"https:\\\/\\\/www.arminius.de\\\/de\\\/news\\\/ligna-2019-wir-sagen-danke\\\/#primaryimage\",\"url\":\"https:\\\/\\\/www.arminius.de\\\/wp-content\\\/uploads\\\/2021\\\/01\\\/arminius-schleifmittel-news-linga-2019-danke.jpg\",\"contentUrl\":\"https:\\\/\\\/www.arminius.de\\\/wp-content\\\/uploads\\\/2021\\\/01\\\/arminius-schleifmittel-news-linga-2019-danke.jpg\",\"width\":400,\"height\":243,\"caption\":\"messe-austellung-ligna-2019\"},{\"@type\":\"BreadcrumbList\",\"@id\":\"https:\\\/\\\/www.arminius.de\\\/de\\\/news\\\/ligna-2019-wir-sagen-danke\\\/#breadcrumb\",\"itemListElement\":[{\"@type\":\"ListItem\",\"position\":1,\"name\":\"Home\",\"item\":\"https:\\\/\\\/www.arminius.de\\\/de\\\/\"},{\"@type\":\"ListItem\",\"position\":2,\"name\":\"LIGNA 2019 &#8211; Wir sagen DANKE\"}]},{\"@type\":\"WebSite\",\"@id\":\"https:\\\/\\\/www.arminius.de\\\/de\\\/#website\",\"url\":\"https:\\\/\\\/www.arminius.de\\\/de\\\/\",\"name\":\"ARMINIUS Schleifmittel GmbH\",\"description\":\"Schleifwerkzeuge f\u00fcr die Holzbearbeitung\",\"publisher\":{\"@id\":\"https:\\\/\\\/www.arminius.de\\\/de\\\/#organization\"},\"potentialAction\":[{\"@type\":\"SearchAction\",\"target\":{\"@type\":\"EntryPoint\",\"urlTemplate\":\"https:\\\/\\\/www.arminius.de\\\/de\\\/?s={search_term_string}\"},\"query-input\":{\"@type\":\"PropertyValueSpecification\",\"valueRequired\":true,\"valueName\":\"search_term_string\"}}],\"inLanguage\":\"de\"},{\"@type\":\"Organization\",\"@id\":\"https:\\\/\\\/www.arminius.de\\\/de\\\/#organization\",\"name\":\"ARMINIUS tooling\",\"url\":\"https:\\\/\\\/www.arminius.de\\\/de\\\/\",\"logo\":{\"@type\":\"ImageObject\",\"inLanguage\":\"de\",\"@id\":\"https:\\\/\\\/www.arminius.de\\\/de\\\/#\\\/schema\\\/logo\\\/image\\\/\",\"url\":\"https:\\\/\\\/www.arminius.de\\\/wp-content\\\/uploads\\\/2021\\\/01\\\/arminius-schleifmittel-logo.png\",\"contentUrl\":\"https:\\\/\\\/www.arminius.de\\\/wp-content\\\/uploads\\\/2021\\\/01\\\/arminius-schleifmittel-logo.png\",\"width\":600,\"height\":165,\"caption\":\"ARMINIUS tooling\"},\"image\":{\"@id\":\"https:\\\/\\\/www.arminius.de\\\/de\\\/#\\\/schema\\\/logo\\\/image\\\/\"},\"sameAs\":[\"https:\\\/\\\/www.facebook.com\\\/arminiusschleifmittel\\\/\",\"https:\\\/\\\/www.youtube.com\\\/channel\\\/UC2GZYWp8gjedHH4NZonvUPA\"]},{\"@type\":\"Person\",\"@id\":\"https:\\\/\\\/www.arminius.de\\\/de\\\/#\\\/schema\\\/person\\\/21463ce609e84a9bdfce353361b2e572\",\"name\":\"at\"}]}<\/script>\n<!-- \/ Yoast SEO plugin. -->","yoast_head_json":{"title":"ARMINIUS Schleifmittel GmbH - LIGNA 2019 - Wir sagen DANKE","description":"Die Messe LIGNA 2019 in Hannover ist schon wieder Geschichte. Die ARMINIUS-Crew hat eine sch\u00f6ne und erfolgreiche Woche in Hannover verbringen d\u00fcrfen.","robots":{"index":"index","follow":"follow","max-snippet":"max-snippet:-1","max-image-preview":"max-image-preview:large","max-video-preview":"max-video-preview:-1"},"canonical":"https:\/\/www.arminius.de\/de\/news\/ligna-2019-wir-sagen-danke\/","og_locale":"de_DE","og_type":"article","og_title":"ARMINIUS Schleifmittel GmbH - LIGNA 2019 - Wir sagen DANKE","og_description":"Die Messe LIGNA 2019 in Hannover ist schon wieder Geschichte. Die ARMINIUS-Crew hat eine sch\u00f6ne und erfolgreiche Woche in Hannover verbringen d\u00fcrfen.","og_url":"https:\/\/www.arminius.de\/de\/news\/ligna-2019-wir-sagen-danke\/","og_site_name":"ARMINIUS Schleifmittel GmbH","article_publisher":"https:\/\/www.facebook.com\/arminiusschleifmittel\/","article_published_time":"2021-01-27T10:29:20+00:00","article_modified_time":"2023-04-17T18:59:26+00:00","og_image":[{"width":400,"height":243,"url":"https:\/\/www.arminius.de\/wp-content\/uploads\/2021\/01\/arminius-schleifmittel-news-linga-2019-danke.jpg","type":"image\/jpeg"}],"author":"at","twitter_card":"summary_large_image","twitter_misc":{"Verfasst von":"at","Gesch\u00e4tzte Lesezeit":"1\u00a0Minute"},"schema":{"@context":"https:\/\/schema.org","@graph":[{"@type":"Article","@id":"https:\/\/www.arminius.de\/de\/news\/ligna-2019-wir-sagen-danke\/#article","isPartOf":{"@id":"https:\/\/www.arminius.de\/de\/news\/ligna-2019-wir-sagen-danke\/"},"author":{"name":"at","@id":"https:\/\/www.arminius.de\/de\/#\/schema\/person\/21463ce609e84a9bdfce353361b2e572"},"headline":"LIGNA 2019 &#8211; Wir sagen DANKE","datePublished":"2021-01-27T10:29:20+00:00","dateModified":"2023-04-17T18:59:26+00:00","mainEntityOfPage":{"@id":"https:\/\/www.arminius.de\/de\/news\/ligna-2019-wir-sagen-danke\/"},"wordCount":102,"commentCount":0,"publisher":{"@id":"https:\/\/www.arminius.de\/de\/#organization"},"image":{"@id":"https:\/\/www.arminius.de\/de\/news\/ligna-2019-wir-sagen-danke\/#primaryimage"},"thumbnailUrl":"https:\/\/www.arminius.de\/wp-content\/uploads\/2021\/01\/arminius-schleifmittel-news-linga-2019-danke.jpg","articleSection":["News"],"inLanguage":"de","potentialAction":[{"@type":"CommentAction","name":"Comment","target":["https:\/\/www.arminius.de\/de\/news\/ligna-2019-wir-sagen-danke\/#respond"]}]},{"@type":"WebPage","@id":"https:\/\/www.arminius.de\/de\/news\/ligna-2019-wir-sagen-danke\/","url":"https:\/\/www.arminius.de\/de\/news\/ligna-2019-wir-sagen-danke\/","name":"ARMINIUS Schleifmittel GmbH - LIGNA 2019 - Wir sagen DANKE","isPartOf":{"@id":"https:\/\/www.arminius.de\/de\/#website"},"primaryImageOfPage":{"@id":"https:\/\/www.arminius.de\/de\/news\/ligna-2019-wir-sagen-danke\/#primaryimage"},"image":{"@id":"https:\/\/www.arminius.de\/de\/news\/ligna-2019-wir-sagen-danke\/#primaryimage"},"thumbnailUrl":"https:\/\/www.arminius.de\/wp-content\/uploads\/2021\/01\/arminius-schleifmittel-news-linga-2019-danke.jpg","datePublished":"2021-01-27T10:29:20+00:00","dateModified":"2023-04-17T18:59:26+00:00","description":"Die Messe LIGNA 2019 in Hannover ist schon wieder Geschichte. Die ARMINIUS-Crew hat eine sch\u00f6ne und erfolgreiche Woche in Hannover verbringen d\u00fcrfen.","breadcrumb":{"@id":"https:\/\/www.arminius.de\/de\/news\/ligna-2019-wir-sagen-danke\/#breadcrumb"},"inLanguage":"de","potentialAction":[{"@type":"ReadAction","target":["https:\/\/www.arminius.de\/de\/news\/ligna-2019-wir-sagen-danke\/"]}]},{"@type":"ImageObject","inLanguage":"de","@id":"https:\/\/www.arminius.de\/de\/news\/ligna-2019-wir-sagen-danke\/#primaryimage","url":"https:\/\/www.arminius.de\/wp-content\/uploads\/2021\/01\/arminius-schleifmittel-news-linga-2019-danke.jpg","contentUrl":"https:\/\/www.arminius.de\/wp-content\/uploads\/2021\/01\/arminius-schleifmittel-news-linga-2019-danke.jpg","width":400,"height":243,"caption":"messe-austellung-ligna-2019"},{"@type":"BreadcrumbList","@id":"https:\/\/www.arminius.de\/de\/news\/ligna-2019-wir-sagen-danke\/#breadcrumb","itemListElement":[{"@type":"ListItem","position":1,"name":"Home","item":"https:\/\/www.arminius.de\/de\/"},{"@type":"ListItem","position":2,"name":"LIGNA 2019 &#8211; Wir sagen DANKE"}]},{"@type":"WebSite","@id":"https:\/\/www.arminius.de\/de\/#website","url":"https:\/\/www.arminius.de\/de\/","name":"ARMINIUS Schleifmittel GmbH","description":"Schleifwerkzeuge f\u00fcr die Holzbearbeitung","publisher":{"@id":"https:\/\/www.arminius.de\/de\/#organization"},"potentialAction":[{"@type":"SearchAction","target":{"@type":"EntryPoint","urlTemplate":"https:\/\/www.arminius.de\/de\/?s={search_term_string}"},"query-input":{"@type":"PropertyValueSpecification","valueRequired":true,"valueName":"search_term_string"}}],"inLanguage":"de"},{"@type":"Organization","@id":"https:\/\/www.arminius.de\/de\/#organization","name":"ARMINIUS tooling","url":"https:\/\/www.arminius.de\/de\/","logo":{"@type":"ImageObject","inLanguage":"de","@id":"https:\/\/www.arminius.de\/de\/#\/schema\/logo\/image\/","url":"https:\/\/www.arminius.de\/wp-content\/uploads\/2021\/01\/arminius-schleifmittel-logo.png","contentUrl":"https:\/\/www.arminius.de\/wp-content\/uploads\/2021\/01\/arminius-schleifmittel-logo.png","width":600,"height":165,"caption":"ARMINIUS tooling"},"image":{"@id":"https:\/\/www.arminius.de\/de\/#\/schema\/logo\/image\/"},"sameAs":["https:\/\/www.facebook.com\/arminiusschleifmittel\/","https:\/\/www.youtube.com\/channel\/UC2GZYWp8gjedHH4NZonvUPA"]},{"@type":"Person","@id":"https:\/\/www.arminius.de\/de\/#\/schema\/person\/21463ce609e84a9bdfce353361b2e572","name":"at"}]}},"_links":{"self":[{"href":"https:\/\/www.arminius.de\/de\/wp-json\/wp\/v2\/posts\/3154","targetHints":{"allow":["GET"]}}],"collection":[{"href":"https:\/\/www.arminius.de\/de\/wp-json\/wp\/v2\/posts"}],"about":[{"href":"https:\/\/www.arminius.de\/de\/wp-json\/wp\/v2\/types\/post"}],"author":[{"embeddable":true,"href":"https:\/\/www.arminius.de\/de\/wp-json\/wp\/v2\/users\/8"}],"replies":[{"embeddable":true,"href":"https:\/\/www.arminius.de\/de\/wp-json\/wp\/v2\/comments?post=3154"}],"version-history":[{"count":0,"href":"https:\/\/www.arminius.de\/de\/wp-json\/wp\/v2\/posts\/3154\/revisions"}],"wp:featuredmedia":[{"embeddable":true,"href":"https:\/\/www.arminius.de\/de\/wp-json\/wp\/v2\/media\/3158"}],"wp:attachment":[{"href":"https:\/\/www.arminius.de\/de\/wp-json\/wp\/v2\/media?parent=3154"}],"wp:term":[{"taxonomy":"category","embeddable":true,"href":"https:\/\/www.arminius.de\/de\/wp-json\/wp\/v2\/categories?post=3154"},{"taxonomy":"post_tag","embeddable":true,"href":"https:\/\/www.arminius.de\/de\/wp-json\/wp\/v2\/tags?post=3154"},{"taxonomy":"aktuelles","embeddable":true,"href":"https:\/\/www.arminius.de\/de\/wp-json\/wp\/v2\/aktuelles?post=3154"}],"curies":[{"name":"wp","href":"https:\/\/api.w.org\/{rel}","templated":true}]}}