{"id":19865,"date":"2026-01-23T11:20:36","date_gmt":"2026-01-23T10:20:36","guid":{"rendered":"https:\/\/www.arminius.de\/news\/unsere-ersten-messetermine-2026-stehen-fest-_kopie\/"},"modified":"2026-01-23T11:21:08","modified_gmt":"2026-01-23T10:21:08","slug":"einladung-zur-eurobois-2026","status":"publish","type":"post","link":"https:\/\/www.arminius.de\/de\/news\/einladung-zur-eurobois-2026\/","title":{"rendered":"EINLADUNG ZUR EUROBOIS 2026"},"content":{"rendered":"\t\t<div data-elementor-type=\"wp-post\" data-elementor-id=\"19865\" class=\"elementor elementor-19865\" data-elementor-post-type=\"post\">\n\t\t\t\t\t\t<section class=\"has_eae_slider elementor-section elementor-top-section elementor-element elementor-element-a4cba1e elementor-section-boxed elementor-section-height-default elementor-section-height-default\" data-eae-slider=\"65118\" data-id=\"a4cba1e\" data-element_type=\"section\" data-e-type=\"section\" data-settings=\"{&quot;jet_parallax_layout_list&quot;:[]}\">\n\t\t\t\t\t\t<div class=\"elementor-container elementor-column-gap-default\">\n\t\t\t\t\t<div class=\"has_eae_slider elementor-column elementor-col-33 elementor-top-column elementor-element elementor-element-22636fe\" data-eae-slider=\"87686\" data-id=\"22636fe\" data-element_type=\"column\" data-e-type=\"column\">\n\t\t\t<div class=\"elementor-widget-wrap elementor-element-populated\">\n\t\t\t\t\t\t<div class=\"elementor-element elementor-element-75034f2 elementor-widget__width-initial elementor-widget elementor-widget-text-editor\" data-id=\"75034f2\" data-element_type=\"widget\" data-e-type=\"widget\" data-widget_type=\"text-editor.default\">\n\t\t\t\t<div class=\"elementor-widget-container\">\n\t\t\t\t\t\t\t\t\t<h1>EINLADUNG ZUR EUROBOIS 2026<\/h1><p>Sehr geehrte Kundinnen, sehr geehrte Kunden und Interessierte,<\/p><p>unter dem Motto &#8222;Transform \/ Build \/ Design&#8220; steht die diesj\u00e4hrige <strong>EUROBOIS<\/strong> in Lyon.<\/p><p>Wir laden Sie herzlich vom <strong>3. bis 6. Februar<\/strong> auf unseren <strong>Messestand<\/strong> <strong>6K141<\/strong> in <strong>Halle 6.3 <\/strong>ein.<br \/>Als f\u00fchrender Hersteller von <strong>Werkzeugen und Systemen f\u00fcr pr\u00e4zise Schleiftechnologien<br \/><\/strong>zeigen wir Ihnen vor Ort L\u00f6sungen und optimale M\u00f6glichkeiten f\u00fcr Ihre Anwendungen in der Holzbearbeitung.<\/p><p>Wir freuen uns auf Ihren Besuch und den pers\u00f6nlichen Austausch mit Ihnen.<\/p><p><em><br \/>Ihr ARMINIUS-Team<\/em><\/p><p>\u00a0<\/p>\t\t\t\t\t\t\t\t<\/div>\n\t\t\t\t<\/div>\n\t\t\t\t<div class=\"elementor-element elementor-element-441b509 elementor-align-left elementor-mobile-align-justify elementor-widget elementor-widget-button\" data-id=\"441b509\" data-element_type=\"widget\" data-e-type=\"widget\" data-widget_type=\"button.default\">\n\t\t\t\t<div class=\"elementor-widget-container\">\n\t\t\t\t\t\t\t\t\t<div class=\"elementor-button-wrapper\">\n\t\t\t\t\t<a class=\"elementor-button elementor-button-link elementor-size-sm\" href=\"https:\/\/www.arminius.de\/de\/news\/\">\n\t\t\t\t\t\t<span class=\"elementor-button-content-wrapper\">\n\t\t\t\t\t\t\t\t\t<span class=\"elementor-button-text\">Zur\u00fcck zu allen Beitr\u00e4gen<\/span>\n\t\t\t\t\t<\/span>\n\t\t\t\t\t<\/a>\n\t\t\t\t<\/div>\n\t\t\t\t\t\t\t\t<\/div>\n\t\t\t\t<\/div>\n\t\t\t\t\t<\/div>\n\t\t<\/div>\n\t\t\t\t<div class=\"has_eae_slider elementor-column elementor-col-33 elementor-top-column elementor-element elementor-element-8b9f66d\" data-eae-slider=\"36516\" data-id=\"8b9f66d\" data-element_type=\"column\" data-e-type=\"column\">\n\t\t\t<div class=\"elementor-widget-wrap\">\n\t\t\t\t\t\t\t<\/div>\n\t\t<\/div>\n\t\t\t\t<div class=\"has_eae_slider elementor-column elementor-col-33 elementor-top-column elementor-element elementor-element-39be2b0\" data-eae-slider=\"16331\" data-id=\"39be2b0\" data-element_type=\"column\" data-e-type=\"column\">\n\t\t\t<div class=\"elementor-widget-wrap elementor-element-populated\">\n\t\t\t\t\t\t<div class=\"elementor-element elementor-element-76b0799 elementor-widget elementor-widget-image\" data-id=\"76b0799\" data-element_type=\"widget\" data-e-type=\"widget\" data-widget_type=\"image.default\">\n\t\t\t\t<div class=\"elementor-widget-container\">\n\t\t\t\t\t\t\t\t\t\t\t\t\t\t\t\t<a href=\"https:\/\/www.arminius.de\/wp-content\/uploads\/2026\/01\/EURObois-D-galerie-1.jpg\" data-elementor-open-lightbox=\"yes\" data-elementor-lightbox-title=\"EURObois D galerie 1\" data-e-action-hash=\"#elementor-action%3Aaction%3Dlightbox%26settings%3DeyJpZCI6MTk4ODUsInVybCI6Imh0dHBzOlwvXC93d3cuYXJtaW5pdXMuZGVcL3dwLWNvbnRlbnRcL3VwbG9hZHNcLzIwMjZcLzAxXC9FVVJPYm9pcy1ELWdhbGVyaWUtMS5qcGcifQ%3D%3D\">\n\t\t\t\t\t\t\t<img fetchpriority=\"high\" decoding=\"async\" width=\"600\" height=\"417\" src=\"https:\/\/www.arminius.de\/wp-content\/uploads\/2026\/01\/EURObois-D-galerie-1.jpg\" class=\"attachment-large size-large wp-image-19885\" alt=\"EUROBOIS 2026\" srcset=\"https:\/\/www.arminius.de\/wp-content\/uploads\/2026\/01\/EURObois-D-galerie-1.jpg 600w, https:\/\/www.arminius.de\/wp-content\/uploads\/2026\/01\/EURObois-D-galerie-1-300x209.jpg 300w\" sizes=\"(max-width: 600px) 100vw, 600px\" \/>\t\t\t\t\t\t\t\t<\/a>\n\t\t\t\t\t\t\t\t\t\t\t\t\t\t\t<\/div>\n\t\t\t\t<\/div>\n\t\t\t\t\t<\/div>\n\t\t<\/div>\n\t\t\t\t\t<\/div>\n\t\t<\/section>\n\t\t\t\t<\/div>\n\t\t","protected":false},"excerpt":{"rendered":"<p>Wir laden Sie herzlich vom 3. bis 6. Februar auf unseren Messestand 6K141 in Halle 6.3 ein.<\/p>\n","protected":false},"author":12,"featured_media":19874,"comment_status":"closed","ping_status":"open","sticky":false,"template":"","format":"standard","meta":{"footnotes":"","_wp_rev_ctl_limit":""},"categories":[6],"tags":[],"aktuelles":[],"class_list":["post-19865","post","type-post","status-publish","format-standard","has-post-thumbnail","hentry","category-news"],"yoast_head":"<!-- This site is optimized with the Yoast SEO plugin v27.4 - https:\/\/yoast.com\/product\/yoast-seo-wordpress\/ -->\n<title>EINLADUNG ZUR EUROBOIS 2026 - ARMINIUS Schleifmittel GmbH<\/title>\n<meta name=\"description\" content=\"EUROBOIS 2026 in Lyon. ARMINIUS tooling l\u00e4dt herzlich vom 3. bis 6. Februar auf den ARMINIUS Messestand 6K141 in Halle 6.3 ein.\" \/>\n<meta name=\"robots\" content=\"index, follow, max-snippet:-1, max-image-preview:large, max-video-preview:-1\" \/>\n<link rel=\"canonical\" href=\"https:\/\/www.arminius.de\/de\/news\/einladung-zur-eurobois-2026\/\" \/>\n<meta property=\"og:locale\" content=\"de_DE\" \/>\n<meta property=\"og:type\" content=\"article\" \/>\n<meta property=\"og:title\" content=\"EINLADUNG ZUR EUROBOIS 2026 - ARMINIUS Schleifmittel GmbH\" \/>\n<meta property=\"og:description\" content=\"EUROBOIS 2026 in Lyon. ARMINIUS tooling l\u00e4dt herzlich vom 3. bis 6. Februar auf den ARMINIUS Messestand 6K141 in Halle 6.3 ein.\" \/>\n<meta property=\"og:url\" content=\"https:\/\/www.arminius.de\/de\/news\/einladung-zur-eurobois-2026\/\" \/>\n<meta property=\"og:site_name\" content=\"ARMINIUS Schleifmittel GmbH\" \/>\n<meta property=\"article:publisher\" content=\"https:\/\/www.facebook.com\/arminiusschleifmittel\/\" \/>\n<meta property=\"article:published_time\" content=\"2026-01-23T10:20:36+00:00\" \/>\n<meta property=\"article:modified_time\" content=\"2026-01-23T10:21:08+00:00\" \/>\n<meta property=\"og:image\" content=\"https:\/\/www.arminius.de\/wp-content\/uploads\/2026\/01\/EURObois-D-titel-1.jpg\" \/>\n\t<meta property=\"og:image:width\" content=\"600\" \/>\n\t<meta property=\"og:image:height\" content=\"417\" \/>\n\t<meta property=\"og:image:type\" content=\"image\/jpeg\" \/>\n<meta name=\"author\" content=\"Silvia Sowa\" \/>\n<meta name=\"twitter:card\" content=\"summary_large_image\" \/>\n<meta name=\"twitter:label1\" content=\"Verfasst von\" \/>\n\t<meta name=\"twitter:data1\" content=\"Silvia Sowa\" \/>\n\t<meta name=\"twitter:label2\" content=\"Gesch\u00e4tzte Lesezeit\" \/>\n\t<meta name=\"twitter:data2\" content=\"1\u00a0Minute\" \/>\n<script type=\"application\/ld+json\" class=\"yoast-schema-graph\">{\"@context\":\"https:\\\/\\\/schema.org\",\"@graph\":[{\"@type\":\"Article\",\"@id\":\"https:\\\/\\\/www.arminius.de\\\/de\\\/news\\\/einladung-zur-eurobois-2026\\\/#article\",\"isPartOf\":{\"@id\":\"https:\\\/\\\/www.arminius.de\\\/de\\\/news\\\/einladung-zur-eurobois-2026\\\/\"},\"author\":{\"name\":\"Silvia Sowa\",\"@id\":\"https:\\\/\\\/www.arminius.de\\\/de\\\/#\\\/schema\\\/person\\\/889e3afad4201d062ae4ee8e17d4ea26\"},\"headline\":\"EINLADUNG ZUR EUROBOIS 2026\",\"datePublished\":\"2026-01-23T10:20:36+00:00\",\"dateModified\":\"2026-01-23T10:21:08+00:00\",\"mainEntityOfPage\":{\"@id\":\"https:\\\/\\\/www.arminius.de\\\/de\\\/news\\\/einladung-zur-eurobois-2026\\\/\"},\"wordCount\":93,\"publisher\":{\"@id\":\"https:\\\/\\\/www.arminius.de\\\/de\\\/#organization\"},\"image\":{\"@id\":\"https:\\\/\\\/www.arminius.de\\\/de\\\/news\\\/einladung-zur-eurobois-2026\\\/#primaryimage\"},\"thumbnailUrl\":\"https:\\\/\\\/www.arminius.de\\\/wp-content\\\/uploads\\\/2026\\\/01\\\/EURObois-D-titel-1.jpg\",\"articleSection\":[\"News\"],\"inLanguage\":\"de\"},{\"@type\":\"WebPage\",\"@id\":\"https:\\\/\\\/www.arminius.de\\\/de\\\/news\\\/einladung-zur-eurobois-2026\\\/\",\"url\":\"https:\\\/\\\/www.arminius.de\\\/de\\\/news\\\/einladung-zur-eurobois-2026\\\/\",\"name\":\"EINLADUNG ZUR EUROBOIS 2026 - ARMINIUS Schleifmittel GmbH\",\"isPartOf\":{\"@id\":\"https:\\\/\\\/www.arminius.de\\\/de\\\/#website\"},\"primaryImageOfPage\":{\"@id\":\"https:\\\/\\\/www.arminius.de\\\/de\\\/news\\\/einladung-zur-eurobois-2026\\\/#primaryimage\"},\"image\":{\"@id\":\"https:\\\/\\\/www.arminius.de\\\/de\\\/news\\\/einladung-zur-eurobois-2026\\\/#primaryimage\"},\"thumbnailUrl\":\"https:\\\/\\\/www.arminius.de\\\/wp-content\\\/uploads\\\/2026\\\/01\\\/EURObois-D-titel-1.jpg\",\"datePublished\":\"2026-01-23T10:20:36+00:00\",\"dateModified\":\"2026-01-23T10:21:08+00:00\",\"description\":\"EUROBOIS 2026 in Lyon. ARMINIUS tooling l\u00e4dt herzlich vom 3. bis 6. Februar auf den ARMINIUS Messestand 6K141 in Halle 6.3 ein.\",\"breadcrumb\":{\"@id\":\"https:\\\/\\\/www.arminius.de\\\/de\\\/news\\\/einladung-zur-eurobois-2026\\\/#breadcrumb\"},\"inLanguage\":\"de\",\"potentialAction\":[{\"@type\":\"ReadAction\",\"target\":[\"https:\\\/\\\/www.arminius.de\\\/de\\\/news\\\/einladung-zur-eurobois-2026\\\/\"]}]},{\"@type\":\"ImageObject\",\"inLanguage\":\"de\",\"@id\":\"https:\\\/\\\/www.arminius.de\\\/de\\\/news\\\/einladung-zur-eurobois-2026\\\/#primaryimage\",\"url\":\"https:\\\/\\\/www.arminius.de\\\/wp-content\\\/uploads\\\/2026\\\/01\\\/EURObois-D-titel-1.jpg\",\"contentUrl\":\"https:\\\/\\\/www.arminius.de\\\/wp-content\\\/uploads\\\/2026\\\/01\\\/EURObois-D-titel-1.jpg\",\"width\":600,\"height\":417,\"caption\":\"EuroBois 2026\"},{\"@type\":\"BreadcrumbList\",\"@id\":\"https:\\\/\\\/www.arminius.de\\\/de\\\/news\\\/einladung-zur-eurobois-2026\\\/#breadcrumb\",\"itemListElement\":[{\"@type\":\"ListItem\",\"position\":1,\"name\":\"Home\",\"item\":\"https:\\\/\\\/www.arminius.de\\\/de\\\/\"},{\"@type\":\"ListItem\",\"position\":2,\"name\":\"EINLADUNG ZUR EUROBOIS 2026\"}]},{\"@type\":\"WebSite\",\"@id\":\"https:\\\/\\\/www.arminius.de\\\/de\\\/#website\",\"url\":\"https:\\\/\\\/www.arminius.de\\\/de\\\/\",\"name\":\"ARMINIUS Schleifmittel GmbH\",\"description\":\"Schleifwerkzeuge f\u00fcr die Holzbearbeitung\",\"publisher\":{\"@id\":\"https:\\\/\\\/www.arminius.de\\\/de\\\/#organization\"},\"potentialAction\":[{\"@type\":\"SearchAction\",\"target\":{\"@type\":\"EntryPoint\",\"urlTemplate\":\"https:\\\/\\\/www.arminius.de\\\/de\\\/?s={search_term_string}\"},\"query-input\":{\"@type\":\"PropertyValueSpecification\",\"valueRequired\":true,\"valueName\":\"search_term_string\"}}],\"inLanguage\":\"de\"},{\"@type\":\"Organization\",\"@id\":\"https:\\\/\\\/www.arminius.de\\\/de\\\/#organization\",\"name\":\"ARMINIUS tooling\",\"url\":\"https:\\\/\\\/www.arminius.de\\\/de\\\/\",\"logo\":{\"@type\":\"ImageObject\",\"inLanguage\":\"de\",\"@id\":\"https:\\\/\\\/www.arminius.de\\\/de\\\/#\\\/schema\\\/logo\\\/image\\\/\",\"url\":\"https:\\\/\\\/www.arminius.de\\\/wp-content\\\/uploads\\\/2021\\\/01\\\/arminius-schleifmittel-logo.png\",\"contentUrl\":\"https:\\\/\\\/www.arminius.de\\\/wp-content\\\/uploads\\\/2021\\\/01\\\/arminius-schleifmittel-logo.png\",\"width\":600,\"height\":165,\"caption\":\"ARMINIUS tooling\"},\"image\":{\"@id\":\"https:\\\/\\\/www.arminius.de\\\/de\\\/#\\\/schema\\\/logo\\\/image\\\/\"},\"sameAs\":[\"https:\\\/\\\/www.facebook.com\\\/arminiusschleifmittel\\\/\",\"https:\\\/\\\/www.youtube.com\\\/channel\\\/UC2GZYWp8gjedHH4NZonvUPA\"]},{\"@type\":\"Person\",\"@id\":\"https:\\\/\\\/www.arminius.de\\\/de\\\/#\\\/schema\\\/person\\\/889e3afad4201d062ae4ee8e17d4ea26\",\"name\":\"Silvia Sowa\"}]}<\/script>\n<!-- \/ Yoast SEO plugin. -->","yoast_head_json":{"title":"EINLADUNG ZUR EUROBOIS 2026 - ARMINIUS Schleifmittel GmbH","description":"EUROBOIS 2026 in Lyon. ARMINIUS tooling l\u00e4dt herzlich vom 3. bis 6. Februar auf den ARMINIUS Messestand 6K141 in Halle 6.3 ein.","robots":{"index":"index","follow":"follow","max-snippet":"max-snippet:-1","max-image-preview":"max-image-preview:large","max-video-preview":"max-video-preview:-1"},"canonical":"https:\/\/www.arminius.de\/de\/news\/einladung-zur-eurobois-2026\/","og_locale":"de_DE","og_type":"article","og_title":"EINLADUNG ZUR EUROBOIS 2026 - ARMINIUS Schleifmittel GmbH","og_description":"EUROBOIS 2026 in Lyon. ARMINIUS tooling l\u00e4dt herzlich vom 3. bis 6. Februar auf den ARMINIUS Messestand 6K141 in Halle 6.3 ein.","og_url":"https:\/\/www.arminius.de\/de\/news\/einladung-zur-eurobois-2026\/","og_site_name":"ARMINIUS Schleifmittel GmbH","article_publisher":"https:\/\/www.facebook.com\/arminiusschleifmittel\/","article_published_time":"2026-01-23T10:20:36+00:00","article_modified_time":"2026-01-23T10:21:08+00:00","og_image":[{"width":600,"height":417,"url":"https:\/\/www.arminius.de\/wp-content\/uploads\/2026\/01\/EURObois-D-titel-1.jpg","type":"image\/jpeg"}],"author":"Silvia Sowa","twitter_card":"summary_large_image","twitter_misc":{"Verfasst von":"Silvia Sowa","Gesch\u00e4tzte Lesezeit":"1\u00a0Minute"},"schema":{"@context":"https:\/\/schema.org","@graph":[{"@type":"Article","@id":"https:\/\/www.arminius.de\/de\/news\/einladung-zur-eurobois-2026\/#article","isPartOf":{"@id":"https:\/\/www.arminius.de\/de\/news\/einladung-zur-eurobois-2026\/"},"author":{"name":"Silvia Sowa","@id":"https:\/\/www.arminius.de\/de\/#\/schema\/person\/889e3afad4201d062ae4ee8e17d4ea26"},"headline":"EINLADUNG ZUR EUROBOIS 2026","datePublished":"2026-01-23T10:20:36+00:00","dateModified":"2026-01-23T10:21:08+00:00","mainEntityOfPage":{"@id":"https:\/\/www.arminius.de\/de\/news\/einladung-zur-eurobois-2026\/"},"wordCount":93,"publisher":{"@id":"https:\/\/www.arminius.de\/de\/#organization"},"image":{"@id":"https:\/\/www.arminius.de\/de\/news\/einladung-zur-eurobois-2026\/#primaryimage"},"thumbnailUrl":"https:\/\/www.arminius.de\/wp-content\/uploads\/2026\/01\/EURObois-D-titel-1.jpg","articleSection":["News"],"inLanguage":"de"},{"@type":"WebPage","@id":"https:\/\/www.arminius.de\/de\/news\/einladung-zur-eurobois-2026\/","url":"https:\/\/www.arminius.de\/de\/news\/einladung-zur-eurobois-2026\/","name":"EINLADUNG ZUR EUROBOIS 2026 - ARMINIUS Schleifmittel GmbH","isPartOf":{"@id":"https:\/\/www.arminius.de\/de\/#website"},"primaryImageOfPage":{"@id":"https:\/\/www.arminius.de\/de\/news\/einladung-zur-eurobois-2026\/#primaryimage"},"image":{"@id":"https:\/\/www.arminius.de\/de\/news\/einladung-zur-eurobois-2026\/#primaryimage"},"thumbnailUrl":"https:\/\/www.arminius.de\/wp-content\/uploads\/2026\/01\/EURObois-D-titel-1.jpg","datePublished":"2026-01-23T10:20:36+00:00","dateModified":"2026-01-23T10:21:08+00:00","description":"EUROBOIS 2026 in Lyon. ARMINIUS tooling l\u00e4dt herzlich vom 3. bis 6. Februar auf den ARMINIUS Messestand 6K141 in Halle 6.3 ein.","breadcrumb":{"@id":"https:\/\/www.arminius.de\/de\/news\/einladung-zur-eurobois-2026\/#breadcrumb"},"inLanguage":"de","potentialAction":[{"@type":"ReadAction","target":["https:\/\/www.arminius.de\/de\/news\/einladung-zur-eurobois-2026\/"]}]},{"@type":"ImageObject","inLanguage":"de","@id":"https:\/\/www.arminius.de\/de\/news\/einladung-zur-eurobois-2026\/#primaryimage","url":"https:\/\/www.arminius.de\/wp-content\/uploads\/2026\/01\/EURObois-D-titel-1.jpg","contentUrl":"https:\/\/www.arminius.de\/wp-content\/uploads\/2026\/01\/EURObois-D-titel-1.jpg","width":600,"height":417,"caption":"EuroBois 2026"},{"@type":"BreadcrumbList","@id":"https:\/\/www.arminius.de\/de\/news\/einladung-zur-eurobois-2026\/#breadcrumb","itemListElement":[{"@type":"ListItem","position":1,"name":"Home","item":"https:\/\/www.arminius.de\/de\/"},{"@type":"ListItem","position":2,"name":"EINLADUNG ZUR EUROBOIS 2026"}]},{"@type":"WebSite","@id":"https:\/\/www.arminius.de\/de\/#website","url":"https:\/\/www.arminius.de\/de\/","name":"ARMINIUS Schleifmittel GmbH","description":"Schleifwerkzeuge f\u00fcr die Holzbearbeitung","publisher":{"@id":"https:\/\/www.arminius.de\/de\/#organization"},"potentialAction":[{"@type":"SearchAction","target":{"@type":"EntryPoint","urlTemplate":"https:\/\/www.arminius.de\/de\/?s={search_term_string}"},"query-input":{"@type":"PropertyValueSpecification","valueRequired":true,"valueName":"search_term_string"}}],"inLanguage":"de"},{"@type":"Organization","@id":"https:\/\/www.arminius.de\/de\/#organization","name":"ARMINIUS tooling","url":"https:\/\/www.arminius.de\/de\/","logo":{"@type":"ImageObject","inLanguage":"de","@id":"https:\/\/www.arminius.de\/de\/#\/schema\/logo\/image\/","url":"https:\/\/www.arminius.de\/wp-content\/uploads\/2021\/01\/arminius-schleifmittel-logo.png","contentUrl":"https:\/\/www.arminius.de\/wp-content\/uploads\/2021\/01\/arminius-schleifmittel-logo.png","width":600,"height":165,"caption":"ARMINIUS tooling"},"image":{"@id":"https:\/\/www.arminius.de\/de\/#\/schema\/logo\/image\/"},"sameAs":["https:\/\/www.facebook.com\/arminiusschleifmittel\/","https:\/\/www.youtube.com\/channel\/UC2GZYWp8gjedHH4NZonvUPA"]},{"@type":"Person","@id":"https:\/\/www.arminius.de\/de\/#\/schema\/person\/889e3afad4201d062ae4ee8e17d4ea26","name":"Silvia Sowa"}]}},"_links":{"self":[{"href":"https:\/\/www.arminius.de\/de\/wp-json\/wp\/v2\/posts\/19865","targetHints":{"allow":["GET"]}}],"collection":[{"href":"https:\/\/www.arminius.de\/de\/wp-json\/wp\/v2\/posts"}],"about":[{"href":"https:\/\/www.arminius.de\/de\/wp-json\/wp\/v2\/types\/post"}],"author":[{"embeddable":true,"href":"https:\/\/www.arminius.de\/de\/wp-json\/wp\/v2\/users\/12"}],"replies":[{"embeddable":true,"href":"https:\/\/www.arminius.de\/de\/wp-json\/wp\/v2\/comments?post=19865"}],"version-history":[{"count":0,"href":"https:\/\/www.arminius.de\/de\/wp-json\/wp\/v2\/posts\/19865\/revisions"}],"wp:featuredmedia":[{"embeddable":true,"href":"https:\/\/www.arminius.de\/de\/wp-json\/wp\/v2\/media\/19874"}],"wp:attachment":[{"href":"https:\/\/www.arminius.de\/de\/wp-json\/wp\/v2\/media?parent=19865"}],"wp:term":[{"taxonomy":"category","embeddable":true,"href":"https:\/\/www.arminius.de\/de\/wp-json\/wp\/v2\/categories?post=19865"},{"taxonomy":"post_tag","embeddable":true,"href":"https:\/\/www.arminius.de\/de\/wp-json\/wp\/v2\/tags?post=19865"},{"taxonomy":"aktuelles","embeddable":true,"href":"https:\/\/www.arminius.de\/de\/wp-json\/wp\/v2\/aktuelles?post=19865"}],"curies":[{"name":"wp","href":"https:\/\/api.w.org\/{rel}","templated":true}]}}