{"id":1523,"date":"2021-01-20T11:01:00","date_gmt":"2021-01-20T10:01:00","guid":{"rendered":"https:\/\/neu.arminius.de\/?p=1523"},"modified":"2023-04-17T21:07:04","modified_gmt":"2023-04-17T19:07:04","slug":"rueckblick-messe-holz-basel-2016","status":"publish","type":"post","link":"https:\/\/www.arminius.de\/de\/news\/rueckblick-messe-holz-basel-2016\/","title":{"rendered":"R\u00fcckblick Messe &#8211; Holz Basel 2016"},"content":{"rendered":"\t\t<div data-elementor-type=\"wp-post\" data-elementor-id=\"1523\" class=\"elementor elementor-1523\" data-elementor-post-type=\"post\">\n\t\t\t\t\t\t<section class=\"has_eae_slider elementor-section elementor-top-section elementor-element elementor-element-662950a elementor-section-full_width elementor-section-height-default elementor-section-height-default\" data-eae-slider=\"71366\" data-id=\"662950a\" data-element_type=\"section\" data-e-type=\"section\" data-settings=\"{&quot;jet_parallax_layout_list&quot;:[{&quot;jet_parallax_layout_image&quot;:{&quot;url&quot;:&quot;&quot;,&quot;id&quot;:&quot;&quot;,&quot;size&quot;:&quot;&quot;},&quot;_id&quot;:&quot;c89f226&quot;,&quot;jet_parallax_layout_image_tablet&quot;:{&quot;url&quot;:&quot;&quot;,&quot;id&quot;:&quot;&quot;,&quot;size&quot;:&quot;&quot;},&quot;jet_parallax_layout_image_mobile&quot;:{&quot;url&quot;:&quot;&quot;,&quot;id&quot;:&quot;&quot;,&quot;size&quot;:&quot;&quot;},&quot;jet_parallax_layout_speed&quot;:{&quot;unit&quot;:&quot;%&quot;,&quot;size&quot;:50,&quot;sizes&quot;:[]},&quot;jet_parallax_layout_type&quot;:&quot;scroll&quot;,&quot;jet_parallax_layout_direction&quot;:&quot;1&quot;,&quot;jet_parallax_layout_fx_direction&quot;:null,&quot;jet_parallax_layout_z_index&quot;:&quot;&quot;,&quot;jet_parallax_layout_bg_x&quot;:50,&quot;jet_parallax_layout_bg_x_tablet&quot;:&quot;&quot;,&quot;jet_parallax_layout_bg_x_mobile&quot;:&quot;&quot;,&quot;jet_parallax_layout_bg_y&quot;:50,&quot;jet_parallax_layout_bg_y_tablet&quot;:&quot;&quot;,&quot;jet_parallax_layout_bg_y_mobile&quot;:&quot;&quot;,&quot;jet_parallax_layout_bg_size&quot;:&quot;auto&quot;,&quot;jet_parallax_layout_bg_size_tablet&quot;:&quot;&quot;,&quot;jet_parallax_layout_bg_size_mobile&quot;:&quot;&quot;,&quot;jet_parallax_layout_animation_prop&quot;:&quot;transform&quot;,&quot;jet_parallax_layout_on&quot;:[&quot;desktop&quot;,&quot;tablet&quot;]}]}\">\n\t\t\t\t\t\t<div class=\"elementor-container elementor-column-gap-default\">\n\t\t\t\t\t<div class=\"has_eae_slider elementor-column elementor-col-50 elementor-top-column elementor-element elementor-element-9c40fdc\" data-eae-slider=\"11423\" data-id=\"9c40fdc\" data-element_type=\"column\" data-e-type=\"column\">\n\t\t\t<div class=\"elementor-widget-wrap elementor-element-populated\">\n\t\t\t\t\t\t<div class=\"elementor-element elementor-element-d5b44ba elementor-widget elementor-widget-heading\" data-id=\"d5b44ba\" data-element_type=\"widget\" data-e-type=\"widget\" data-widget_type=\"heading.default\">\n\t\t\t\t<div class=\"elementor-widget-container\">\n\t\t\t\t\t<h1 class=\"elementor-heading-title elementor-size-default\">R\u00fcckblick Messe &#8211; Holz Basel 2016<\/h1>\t\t\t\t<\/div>\n\t\t\t\t<\/div>\n\t\t\t\t<div class=\"elementor-element elementor-element-ef9d6d3 elementor-widget elementor-widget-heading\" data-id=\"ef9d6d3\" data-element_type=\"widget\" data-e-type=\"widget\" data-widget_type=\"heading.default\">\n\t\t\t\t<div class=\"elementor-widget-container\">\n\t\t\t\t\t<h3 class=\"elementor-heading-title elementor-size-default\">Wir freuen uns \u00fcber den erfolgreichen Messeverlauf und bedanken uns bei allen Kunden und Interessenten f\u00fcr ihren Besuch auf unserem Messestand.<\/h3>\t\t\t\t<\/div>\n\t\t\t\t<\/div>\n\t\t\t\t<div class=\"elementor-element elementor-element-dce6d1c elementor-widget elementor-widget-text-editor\" data-id=\"dce6d1c\" data-element_type=\"widget\" data-e-type=\"widget\" data-widget_type=\"text-editor.default\">\n\t\t\t\t<div class=\"elementor-widget-container\">\n\t\t\t\t\t\t\t\t\t<div id=\"pageContent4\" class=\"pageContent\"><div class=\"productDetailPage\"><div id=\"productDetailPageContent\"><p>Auch in diesem Jahr war unser Messestand wieder sehr gut besucht. Wir sind froh dieser Messe auch in schweren Zeiten und hohen Kosten treu geblieben zu sein und sagen Danke an alle Besucher.<br \/><br \/>Besonders unsere neuen 5+5 Doppelsegmentscheiben und 4+4 Doppelsegmentscheiben haben gro\u00dfes Interesse bei unseren Kunden geweckt.<\/p><\/div><\/div><\/div>\t\t\t\t\t\t\t\t<\/div>\n\t\t\t\t<\/div>\n\t\t\t\t<div class=\"elementor-element elementor-element-4812514 elementor-align-left elementor-mobile-align-justify elementor-widget elementor-widget-button\" data-id=\"4812514\" data-element_type=\"widget\" data-e-type=\"widget\" data-widget_type=\"button.default\">\n\t\t\t\t<div class=\"elementor-widget-container\">\n\t\t\t\t\t\t\t\t\t<div class=\"elementor-button-wrapper\">\n\t\t\t\t\t<a class=\"elementor-button elementor-button-link elementor-size-sm\" href=\"https:\/\/www.arminius.de\/de\/news\/\">\n\t\t\t\t\t\t<span class=\"elementor-button-content-wrapper\">\n\t\t\t\t\t\t\t\t\t<span class=\"elementor-button-text\">Zur\u00fcck zu allen Beitr\u00e4gen<\/span>\n\t\t\t\t\t<\/span>\n\t\t\t\t\t<\/a>\n\t\t\t\t<\/div>\n\t\t\t\t\t\t\t\t<\/div>\n\t\t\t\t<\/div>\n\t\t\t\t\t<\/div>\n\t\t<\/div>\n\t\t\t\t<div class=\"has_eae_slider elementor-column elementor-col-50 elementor-top-column elementor-element elementor-element-07ca081\" data-eae-slider=\"42196\" data-id=\"07ca081\" data-element_type=\"column\" data-e-type=\"column\">\n\t\t\t<div class=\"elementor-widget-wrap elementor-element-populated\">\n\t\t\t\t\t\t<div class=\"elementor-element elementor-element-cdb2a6a elementor-widget elementor-widget-theme-post-featured-image elementor-widget-image\" data-id=\"cdb2a6a\" data-element_type=\"widget\" data-e-type=\"widget\" data-widget_type=\"theme-post-featured-image.default\">\n\t\t\t\t<div class=\"elementor-widget-container\">\n\t\t\t\t\t\t\t\t\t\t\t\t\t\t\t\t<a href=\"https:\/\/www.arminius.de\/wp-content\/uploads\/2021\/01\/arminius-schleifmittel-news-rueckblick-messe-holz-basel-2016.jpeg\" data-elementor-open-lightbox=\"yes\" data-elementor-lightbox-title=\"arminius-schleifmittel-news-rueckblick-messe-holz-basel-2016\" data-e-action-hash=\"#elementor-action%3Aaction%3Dlightbox%26settings%3DeyJpZCI6MTUyNCwidXJsIjoiaHR0cHM6XC9cL3d3dy5hcm1pbml1cy5kZVwvd3AtY29udGVudFwvdXBsb2Fkc1wvMjAyMVwvMDFcL2FybWluaXVzLXNjaGxlaWZtaXR0ZWwtbmV3cy1ydWVja2JsaWNrLW1lc3NlLWhvbHotYmFzZWwtMjAxNi5qcGVnIn0%3D\">\n\t\t\t\t\t\t\t<img fetchpriority=\"high\" decoding=\"async\" width=\"400\" height=\"225\" src=\"https:\/\/www.arminius.de\/wp-content\/uploads\/2021\/01\/arminius-schleifmittel-news-rueckblick-messe-holz-basel-2016.jpeg\" class=\"attachment-full size-full wp-image-1524\" alt=\"\" srcset=\"https:\/\/www.arminius.de\/wp-content\/uploads\/2021\/01\/arminius-schleifmittel-news-rueckblick-messe-holz-basel-2016.jpeg 400w, https:\/\/www.arminius.de\/wp-content\/uploads\/2021\/01\/arminius-schleifmittel-news-rueckblick-messe-holz-basel-2016-300x169.jpeg 300w\" sizes=\"(max-width: 400px) 100vw, 400px\" \/>\t\t\t\t\t\t\t\t<\/a>\n\t\t\t\t\t\t\t\t\t\t\t\t\t\t\t<\/div>\n\t\t\t\t<\/div>\n\t\t\t\t\t<\/div>\n\t\t<\/div>\n\t\t\t\t\t<\/div>\n\t\t<\/section>\n\t\t\t\t<section class=\"has_eae_slider elementor-section elementor-top-section elementor-element elementor-element-09bc5d4 elementor-section-full_width elementor-section-height-default elementor-section-height-default\" data-eae-slider=\"29508\" data-id=\"09bc5d4\" data-element_type=\"section\" data-e-type=\"section\" data-settings=\"{&quot;jet_parallax_layout_list&quot;:[{&quot;jet_parallax_layout_image&quot;:{&quot;url&quot;:&quot;&quot;,&quot;id&quot;:&quot;&quot;,&quot;size&quot;:&quot;&quot;},&quot;_id&quot;:&quot;30fe55c&quot;,&quot;jet_parallax_layout_image_tablet&quot;:{&quot;url&quot;:&quot;&quot;,&quot;id&quot;:&quot;&quot;,&quot;size&quot;:&quot;&quot;},&quot;jet_parallax_layout_image_mobile&quot;:{&quot;url&quot;:&quot;&quot;,&quot;id&quot;:&quot;&quot;,&quot;size&quot;:&quot;&quot;},&quot;jet_parallax_layout_speed&quot;:{&quot;unit&quot;:&quot;%&quot;,&quot;size&quot;:50,&quot;sizes&quot;:[]},&quot;jet_parallax_layout_type&quot;:&quot;scroll&quot;,&quot;jet_parallax_layout_direction&quot;:&quot;1&quot;,&quot;jet_parallax_layout_fx_direction&quot;:null,&quot;jet_parallax_layout_z_index&quot;:&quot;&quot;,&quot;jet_parallax_layout_bg_x&quot;:50,&quot;jet_parallax_layout_bg_x_tablet&quot;:&quot;&quot;,&quot;jet_parallax_layout_bg_x_mobile&quot;:&quot;&quot;,&quot;jet_parallax_layout_bg_y&quot;:50,&quot;jet_parallax_layout_bg_y_tablet&quot;:&quot;&quot;,&quot;jet_parallax_layout_bg_y_mobile&quot;:&quot;&quot;,&quot;jet_parallax_layout_bg_size&quot;:&quot;auto&quot;,&quot;jet_parallax_layout_bg_size_tablet&quot;:&quot;&quot;,&quot;jet_parallax_layout_bg_size_mobile&quot;:&quot;&quot;,&quot;jet_parallax_layout_animation_prop&quot;:&quot;transform&quot;,&quot;jet_parallax_layout_on&quot;:[&quot;desktop&quot;,&quot;tablet&quot;]}]}\">\n\t\t\t\t\t\t<div class=\"elementor-container elementor-column-gap-default\">\n\t\t\t\t\t<div class=\"has_eae_slider elementor-column elementor-col-100 elementor-top-column elementor-element elementor-element-2f09beb\" data-eae-slider=\"39812\" data-id=\"2f09beb\" data-element_type=\"column\" data-e-type=\"column\">\n\t\t\t<div class=\"elementor-widget-wrap elementor-element-populated\">\n\t\t\t\t\t\t<div class=\"elementor-element elementor-element-4c4d66d elementor-widget-divider--view-line elementor-widget elementor-widget-divider\" data-id=\"4c4d66d\" data-element_type=\"widget\" data-e-type=\"widget\" data-widget_type=\"divider.default\">\n\t\t\t\t<div class=\"elementor-widget-container\">\n\t\t\t\t\t\t\t<div class=\"elementor-divider\">\n\t\t\t<span class=\"elementor-divider-separator\">\n\t\t\t\t\t\t<\/span>\n\t\t<\/div>\n\t\t\t\t\t\t<\/div>\n\t\t\t\t<\/div>\n\t\t\t\t\t<\/div>\n\t\t<\/div>\n\t\t\t\t\t<\/div>\n\t\t<\/section>\n\t\t\t\t<\/div>\n\t\t","protected":false},"excerpt":{"rendered":"<p>Wir freuen uns \u00fcber den erfolgreichen Messeverlauf und bedanken uns bei allen Kunden und Interessenten f\u00fcr ihren Besuch auf unserem Messestand&#8230;<\/p>\n","protected":false},"author":8,"featured_media":1524,"comment_status":"open","ping_status":"open","sticky":false,"template":"elementor_header_footer","format":"standard","meta":{"footnotes":"","_wp_rev_ctl_limit":""},"categories":[6],"tags":[],"aktuelles":[],"class_list":["post-1523","post","type-post","status-publish","format-standard","has-post-thumbnail","hentry","category-news"],"yoast_head":"<!-- This site is optimized with the Yoast SEO plugin v27.4 - https:\/\/yoast.com\/product\/yoast-seo-wordpress\/ -->\n<title>ARMINIUS Schleifmittel GmbH - R\u00fcckblick Messe - Holz Basel 2016<\/title>\n<meta name=\"description\" content=\"Wir freuen uns \u00fcber den erfolgreichen Messeverlauf und bedanken uns bei allen Kunden und Interessenten f\u00fcr ihren Besuch.\" \/>\n<meta name=\"robots\" content=\"index, follow, max-snippet:-1, max-image-preview:large, max-video-preview:-1\" \/>\n<link rel=\"canonical\" href=\"https:\/\/www.arminius.de\/de\/news\/rueckblick-messe-holz-basel-2016\/\" \/>\n<meta property=\"og:locale\" content=\"de_DE\" \/>\n<meta property=\"og:type\" content=\"article\" \/>\n<meta property=\"og:title\" content=\"ARMINIUS Schleifmittel GmbH - R\u00fcckblick Messe - Holz Basel 2016\" \/>\n<meta property=\"og:description\" content=\"Wir freuen uns \u00fcber den erfolgreichen Messeverlauf und bedanken uns bei allen Kunden und Interessenten f\u00fcr ihren Besuch.\" \/>\n<meta property=\"og:url\" content=\"https:\/\/www.arminius.de\/de\/news\/rueckblick-messe-holz-basel-2016\/\" \/>\n<meta property=\"og:site_name\" content=\"ARMINIUS Schleifmittel GmbH\" \/>\n<meta property=\"article:publisher\" content=\"https:\/\/www.facebook.com\/arminiusschleifmittel\/\" \/>\n<meta property=\"article:published_time\" content=\"2021-01-20T10:01:00+00:00\" \/>\n<meta property=\"article:modified_time\" content=\"2023-04-17T19:07:04+00:00\" \/>\n<meta property=\"og:image\" content=\"https:\/\/www.arminius.de\/wp-content\/uploads\/2021\/01\/arminius-schleifmittel-news-rueckblick-messe-holz-basel-2016.jpeg\" \/>\n\t<meta property=\"og:image:width\" content=\"400\" \/>\n\t<meta property=\"og:image:height\" content=\"225\" \/>\n\t<meta property=\"og:image:type\" content=\"image\/jpeg\" \/>\n<meta name=\"author\" content=\"at\" \/>\n<meta name=\"twitter:card\" content=\"summary_large_image\" \/>\n<meta name=\"twitter:label1\" content=\"Verfasst von\" \/>\n\t<meta name=\"twitter:data1\" content=\"at\" \/>\n\t<meta name=\"twitter:label2\" content=\"Gesch\u00e4tzte Lesezeit\" \/>\n\t<meta name=\"twitter:data2\" content=\"1\u00a0Minute\" \/>\n<script type=\"application\/ld+json\" class=\"yoast-schema-graph\">{\"@context\":\"https:\\\/\\\/schema.org\",\"@graph\":[{\"@type\":\"Article\",\"@id\":\"https:\\\/\\\/www.arminius.de\\\/de\\\/news\\\/rueckblick-messe-holz-basel-2016\\\/#article\",\"isPartOf\":{\"@id\":\"https:\\\/\\\/www.arminius.de\\\/de\\\/news\\\/rueckblick-messe-holz-basel-2016\\\/\"},\"author\":{\"name\":\"at\",\"@id\":\"https:\\\/\\\/www.arminius.de\\\/de\\\/#\\\/schema\\\/person\\\/21463ce609e84a9bdfce353361b2e572\"},\"headline\":\"R\u00fcckblick Messe &#8211; Holz Basel 2016\",\"datePublished\":\"2021-01-20T10:01:00+00:00\",\"dateModified\":\"2023-04-17T19:07:04+00:00\",\"mainEntityOfPage\":{\"@id\":\"https:\\\/\\\/www.arminius.de\\\/de\\\/news\\\/rueckblick-messe-holz-basel-2016\\\/\"},\"wordCount\":81,\"commentCount\":0,\"publisher\":{\"@id\":\"https:\\\/\\\/www.arminius.de\\\/de\\\/#organization\"},\"image\":{\"@id\":\"https:\\\/\\\/www.arminius.de\\\/de\\\/news\\\/rueckblick-messe-holz-basel-2016\\\/#primaryimage\"},\"thumbnailUrl\":\"https:\\\/\\\/www.arminius.de\\\/wp-content\\\/uploads\\\/2021\\\/01\\\/arminius-schleifmittel-news-rueckblick-messe-holz-basel-2016.jpeg\",\"articleSection\":[\"News\"],\"inLanguage\":\"de\",\"potentialAction\":[{\"@type\":\"CommentAction\",\"name\":\"Comment\",\"target\":[\"https:\\\/\\\/www.arminius.de\\\/de\\\/news\\\/rueckblick-messe-holz-basel-2016\\\/#respond\"]}]},{\"@type\":\"WebPage\",\"@id\":\"https:\\\/\\\/www.arminius.de\\\/de\\\/news\\\/rueckblick-messe-holz-basel-2016\\\/\",\"url\":\"https:\\\/\\\/www.arminius.de\\\/de\\\/news\\\/rueckblick-messe-holz-basel-2016\\\/\",\"name\":\"ARMINIUS Schleifmittel GmbH - R\u00fcckblick Messe - Holz Basel 2016\",\"isPartOf\":{\"@id\":\"https:\\\/\\\/www.arminius.de\\\/de\\\/#website\"},\"primaryImageOfPage\":{\"@id\":\"https:\\\/\\\/www.arminius.de\\\/de\\\/news\\\/rueckblick-messe-holz-basel-2016\\\/#primaryimage\"},\"image\":{\"@id\":\"https:\\\/\\\/www.arminius.de\\\/de\\\/news\\\/rueckblick-messe-holz-basel-2016\\\/#primaryimage\"},\"thumbnailUrl\":\"https:\\\/\\\/www.arminius.de\\\/wp-content\\\/uploads\\\/2021\\\/01\\\/arminius-schleifmittel-news-rueckblick-messe-holz-basel-2016.jpeg\",\"datePublished\":\"2021-01-20T10:01:00+00:00\",\"dateModified\":\"2023-04-17T19:07:04+00:00\",\"description\":\"Wir freuen uns \u00fcber den erfolgreichen Messeverlauf und bedanken uns bei allen Kunden und Interessenten f\u00fcr ihren Besuch.\",\"breadcrumb\":{\"@id\":\"https:\\\/\\\/www.arminius.de\\\/de\\\/news\\\/rueckblick-messe-holz-basel-2016\\\/#breadcrumb\"},\"inLanguage\":\"de\",\"potentialAction\":[{\"@type\":\"ReadAction\",\"target\":[\"https:\\\/\\\/www.arminius.de\\\/de\\\/news\\\/rueckblick-messe-holz-basel-2016\\\/\"]}]},{\"@type\":\"ImageObject\",\"inLanguage\":\"de\",\"@id\":\"https:\\\/\\\/www.arminius.de\\\/de\\\/news\\\/rueckblick-messe-holz-basel-2016\\\/#primaryimage\",\"url\":\"https:\\\/\\\/www.arminius.de\\\/wp-content\\\/uploads\\\/2021\\\/01\\\/arminius-schleifmittel-news-rueckblick-messe-holz-basel-2016.jpeg\",\"contentUrl\":\"https:\\\/\\\/www.arminius.de\\\/wp-content\\\/uploads\\\/2021\\\/01\\\/arminius-schleifmittel-news-rueckblick-messe-holz-basel-2016.jpeg\",\"width\":400,\"height\":225},{\"@type\":\"BreadcrumbList\",\"@id\":\"https:\\\/\\\/www.arminius.de\\\/de\\\/news\\\/rueckblick-messe-holz-basel-2016\\\/#breadcrumb\",\"itemListElement\":[{\"@type\":\"ListItem\",\"position\":1,\"name\":\"Home\",\"item\":\"https:\\\/\\\/www.arminius.de\\\/de\\\/\"},{\"@type\":\"ListItem\",\"position\":2,\"name\":\"R\u00fcckblick Messe &#8211; Holz Basel 2016\"}]},{\"@type\":\"WebSite\",\"@id\":\"https:\\\/\\\/www.arminius.de\\\/de\\\/#website\",\"url\":\"https:\\\/\\\/www.arminius.de\\\/de\\\/\",\"name\":\"ARMINIUS Schleifmittel GmbH\",\"description\":\"Schleifwerkzeuge f\u00fcr die Holzbearbeitung\",\"publisher\":{\"@id\":\"https:\\\/\\\/www.arminius.de\\\/de\\\/#organization\"},\"potentialAction\":[{\"@type\":\"SearchAction\",\"target\":{\"@type\":\"EntryPoint\",\"urlTemplate\":\"https:\\\/\\\/www.arminius.de\\\/de\\\/?s={search_term_string}\"},\"query-input\":{\"@type\":\"PropertyValueSpecification\",\"valueRequired\":true,\"valueName\":\"search_term_string\"}}],\"inLanguage\":\"de\"},{\"@type\":\"Organization\",\"@id\":\"https:\\\/\\\/www.arminius.de\\\/de\\\/#organization\",\"name\":\"ARMINIUS tooling\",\"url\":\"https:\\\/\\\/www.arminius.de\\\/de\\\/\",\"logo\":{\"@type\":\"ImageObject\",\"inLanguage\":\"de\",\"@id\":\"https:\\\/\\\/www.arminius.de\\\/de\\\/#\\\/schema\\\/logo\\\/image\\\/\",\"url\":\"https:\\\/\\\/www.arminius.de\\\/wp-content\\\/uploads\\\/2021\\\/01\\\/arminius-schleifmittel-logo.png\",\"contentUrl\":\"https:\\\/\\\/www.arminius.de\\\/wp-content\\\/uploads\\\/2021\\\/01\\\/arminius-schleifmittel-logo.png\",\"width\":600,\"height\":165,\"caption\":\"ARMINIUS tooling\"},\"image\":{\"@id\":\"https:\\\/\\\/www.arminius.de\\\/de\\\/#\\\/schema\\\/logo\\\/image\\\/\"},\"sameAs\":[\"https:\\\/\\\/www.facebook.com\\\/arminiusschleifmittel\\\/\",\"https:\\\/\\\/www.youtube.com\\\/channel\\\/UC2GZYWp8gjedHH4NZonvUPA\"]},{\"@type\":\"Person\",\"@id\":\"https:\\\/\\\/www.arminius.de\\\/de\\\/#\\\/schema\\\/person\\\/21463ce609e84a9bdfce353361b2e572\",\"name\":\"at\"}]}<\/script>\n<!-- \/ Yoast SEO plugin. -->","yoast_head_json":{"title":"ARMINIUS Schleifmittel GmbH - R\u00fcckblick Messe - Holz Basel 2016","description":"Wir freuen uns \u00fcber den erfolgreichen Messeverlauf und bedanken uns bei allen Kunden und Interessenten f\u00fcr ihren Besuch.","robots":{"index":"index","follow":"follow","max-snippet":"max-snippet:-1","max-image-preview":"max-image-preview:large","max-video-preview":"max-video-preview:-1"},"canonical":"https:\/\/www.arminius.de\/de\/news\/rueckblick-messe-holz-basel-2016\/","og_locale":"de_DE","og_type":"article","og_title":"ARMINIUS Schleifmittel GmbH - R\u00fcckblick Messe - Holz Basel 2016","og_description":"Wir freuen uns \u00fcber den erfolgreichen Messeverlauf und bedanken uns bei allen Kunden und Interessenten f\u00fcr ihren Besuch.","og_url":"https:\/\/www.arminius.de\/de\/news\/rueckblick-messe-holz-basel-2016\/","og_site_name":"ARMINIUS Schleifmittel GmbH","article_publisher":"https:\/\/www.facebook.com\/arminiusschleifmittel\/","article_published_time":"2021-01-20T10:01:00+00:00","article_modified_time":"2023-04-17T19:07:04+00:00","og_image":[{"width":400,"height":225,"url":"https:\/\/www.arminius.de\/wp-content\/uploads\/2021\/01\/arminius-schleifmittel-news-rueckblick-messe-holz-basel-2016.jpeg","type":"image\/jpeg"}],"author":"at","twitter_card":"summary_large_image","twitter_misc":{"Verfasst von":"at","Gesch\u00e4tzte Lesezeit":"1\u00a0Minute"},"schema":{"@context":"https:\/\/schema.org","@graph":[{"@type":"Article","@id":"https:\/\/www.arminius.de\/de\/news\/rueckblick-messe-holz-basel-2016\/#article","isPartOf":{"@id":"https:\/\/www.arminius.de\/de\/news\/rueckblick-messe-holz-basel-2016\/"},"author":{"name":"at","@id":"https:\/\/www.arminius.de\/de\/#\/schema\/person\/21463ce609e84a9bdfce353361b2e572"},"headline":"R\u00fcckblick Messe &#8211; Holz Basel 2016","datePublished":"2021-01-20T10:01:00+00:00","dateModified":"2023-04-17T19:07:04+00:00","mainEntityOfPage":{"@id":"https:\/\/www.arminius.de\/de\/news\/rueckblick-messe-holz-basel-2016\/"},"wordCount":81,"commentCount":0,"publisher":{"@id":"https:\/\/www.arminius.de\/de\/#organization"},"image":{"@id":"https:\/\/www.arminius.de\/de\/news\/rueckblick-messe-holz-basel-2016\/#primaryimage"},"thumbnailUrl":"https:\/\/www.arminius.de\/wp-content\/uploads\/2021\/01\/arminius-schleifmittel-news-rueckblick-messe-holz-basel-2016.jpeg","articleSection":["News"],"inLanguage":"de","potentialAction":[{"@type":"CommentAction","name":"Comment","target":["https:\/\/www.arminius.de\/de\/news\/rueckblick-messe-holz-basel-2016\/#respond"]}]},{"@type":"WebPage","@id":"https:\/\/www.arminius.de\/de\/news\/rueckblick-messe-holz-basel-2016\/","url":"https:\/\/www.arminius.de\/de\/news\/rueckblick-messe-holz-basel-2016\/","name":"ARMINIUS Schleifmittel GmbH - R\u00fcckblick Messe - Holz Basel 2016","isPartOf":{"@id":"https:\/\/www.arminius.de\/de\/#website"},"primaryImageOfPage":{"@id":"https:\/\/www.arminius.de\/de\/news\/rueckblick-messe-holz-basel-2016\/#primaryimage"},"image":{"@id":"https:\/\/www.arminius.de\/de\/news\/rueckblick-messe-holz-basel-2016\/#primaryimage"},"thumbnailUrl":"https:\/\/www.arminius.de\/wp-content\/uploads\/2021\/01\/arminius-schleifmittel-news-rueckblick-messe-holz-basel-2016.jpeg","datePublished":"2021-01-20T10:01:00+00:00","dateModified":"2023-04-17T19:07:04+00:00","description":"Wir freuen uns \u00fcber den erfolgreichen Messeverlauf und bedanken uns bei allen Kunden und Interessenten f\u00fcr ihren Besuch.","breadcrumb":{"@id":"https:\/\/www.arminius.de\/de\/news\/rueckblick-messe-holz-basel-2016\/#breadcrumb"},"inLanguage":"de","potentialAction":[{"@type":"ReadAction","target":["https:\/\/www.arminius.de\/de\/news\/rueckblick-messe-holz-basel-2016\/"]}]},{"@type":"ImageObject","inLanguage":"de","@id":"https:\/\/www.arminius.de\/de\/news\/rueckblick-messe-holz-basel-2016\/#primaryimage","url":"https:\/\/www.arminius.de\/wp-content\/uploads\/2021\/01\/arminius-schleifmittel-news-rueckblick-messe-holz-basel-2016.jpeg","contentUrl":"https:\/\/www.arminius.de\/wp-content\/uploads\/2021\/01\/arminius-schleifmittel-news-rueckblick-messe-holz-basel-2016.jpeg","width":400,"height":225},{"@type":"BreadcrumbList","@id":"https:\/\/www.arminius.de\/de\/news\/rueckblick-messe-holz-basel-2016\/#breadcrumb","itemListElement":[{"@type":"ListItem","position":1,"name":"Home","item":"https:\/\/www.arminius.de\/de\/"},{"@type":"ListItem","position":2,"name":"R\u00fcckblick Messe &#8211; Holz Basel 2016"}]},{"@type":"WebSite","@id":"https:\/\/www.arminius.de\/de\/#website","url":"https:\/\/www.arminius.de\/de\/","name":"ARMINIUS Schleifmittel GmbH","description":"Schleifwerkzeuge f\u00fcr die Holzbearbeitung","publisher":{"@id":"https:\/\/www.arminius.de\/de\/#organization"},"potentialAction":[{"@type":"SearchAction","target":{"@type":"EntryPoint","urlTemplate":"https:\/\/www.arminius.de\/de\/?s={search_term_string}"},"query-input":{"@type":"PropertyValueSpecification","valueRequired":true,"valueName":"search_term_string"}}],"inLanguage":"de"},{"@type":"Organization","@id":"https:\/\/www.arminius.de\/de\/#organization","name":"ARMINIUS tooling","url":"https:\/\/www.arminius.de\/de\/","logo":{"@type":"ImageObject","inLanguage":"de","@id":"https:\/\/www.arminius.de\/de\/#\/schema\/logo\/image\/","url":"https:\/\/www.arminius.de\/wp-content\/uploads\/2021\/01\/arminius-schleifmittel-logo.png","contentUrl":"https:\/\/www.arminius.de\/wp-content\/uploads\/2021\/01\/arminius-schleifmittel-logo.png","width":600,"height":165,"caption":"ARMINIUS tooling"},"image":{"@id":"https:\/\/www.arminius.de\/de\/#\/schema\/logo\/image\/"},"sameAs":["https:\/\/www.facebook.com\/arminiusschleifmittel\/","https:\/\/www.youtube.com\/channel\/UC2GZYWp8gjedHH4NZonvUPA"]},{"@type":"Person","@id":"https:\/\/www.arminius.de\/de\/#\/schema\/person\/21463ce609e84a9bdfce353361b2e572","name":"at"}]}},"_links":{"self":[{"href":"https:\/\/www.arminius.de\/de\/wp-json\/wp\/v2\/posts\/1523","targetHints":{"allow":["GET"]}}],"collection":[{"href":"https:\/\/www.arminius.de\/de\/wp-json\/wp\/v2\/posts"}],"about":[{"href":"https:\/\/www.arminius.de\/de\/wp-json\/wp\/v2\/types\/post"}],"author":[{"embeddable":true,"href":"https:\/\/www.arminius.de\/de\/wp-json\/wp\/v2\/users\/8"}],"replies":[{"embeddable":true,"href":"https:\/\/www.arminius.de\/de\/wp-json\/wp\/v2\/comments?post=1523"}],"version-history":[{"count":0,"href":"https:\/\/www.arminius.de\/de\/wp-json\/wp\/v2\/posts\/1523\/revisions"}],"wp:featuredmedia":[{"embeddable":true,"href":"https:\/\/www.arminius.de\/de\/wp-json\/wp\/v2\/media\/1524"}],"wp:attachment":[{"href":"https:\/\/www.arminius.de\/de\/wp-json\/wp\/v2\/media?parent=1523"}],"wp:term":[{"taxonomy":"category","embeddable":true,"href":"https:\/\/www.arminius.de\/de\/wp-json\/wp\/v2\/categories?post=1523"},{"taxonomy":"post_tag","embeddable":true,"href":"https:\/\/www.arminius.de\/de\/wp-json\/wp\/v2\/tags?post=1523"},{"taxonomy":"aktuelles","embeddable":true,"href":"https:\/\/www.arminius.de\/de\/wp-json\/wp\/v2\/aktuelles?post=1523"}],"curies":[{"name":"wp","href":"https:\/\/api.w.org\/{rel}","templated":true}]}}